{"id":15032,"date":"2024-03-29T09:05:00","date_gmt":"2024-03-29T08:05:00","guid":{"rendered":"https:\/\/www.cultcaffe.at\/?p=15032"},"modified":"2025-05-07T09:27:31","modified_gmt":"2025-05-07T07:27:31","slug":"kaviaren-femenino","status":"publish","type":"post","link":"https:\/\/www.cultcaffe.at\/sk\/cafe-femenino\/","title":{"rendered":"Kaviare\u0148 Femenino"},"content":{"rendered":"<div data-elementor-type=\"wp-post\" data-elementor-id=\"15032\" class=\"elementor elementor-15032\" data-elementor-post-type=\"post\">\n\t\t\t\t<div class=\"elementor-element elementor-element-64d46d2f e-flex e-con-boxed e-con e-parent\" data-id=\"64d46d2f\" data-element_type=\"container\" data-e-type=\"container\">\n\t\t\t\t\t<div class=\"e-con-inner\">\n\t\t\t\t<div class=\"elementor-element elementor-element-4d11fbc3 elementor-widget elementor-widget-text-editor\" data-id=\"4d11fbc3\" data-element_type=\"widget\" data-e-type=\"widget\" data-widget_type=\"text-editor.default\">\n\t\t\t\t<div class=\"elementor-widget-container\">\n\t\t\t\t\t\t\t\t\t<h2>Na\u0161a mesa\u010dn\u00e1 k\u00e1va<\/h2><p>Tentoraz je venovan\u00fd ve\u013emi \u0161peci\u00e1lnemu projektu: Caf\u00e9 Femenino<\/p><p>Pred nieko\u013ek\u00fdmi desa\u0165ro\u010diami sa \u017eeny okrem dom\u00e1cich pr\u00e1c, ktor\u00e9 im boli pridelen\u00e9, podie\u013eali na v\u0161etk\u00fdch produkt\u00edvnych \u00faloh\u00e1ch pestovania k\u00e1vy, od pr\u00edpravy p\u00f4dy a\u017e po pozberov\u00e9 pr\u00e1ce. Ich anga\u017eovanos\u0165 sa v\u0161ak obmedzovala v\u00fdlu\u010dne na pr\u00e1cu. Nemali \u017eiadnu mo\u017enos\u0165 ekonomickej kompenz\u00e1cie za predaj svojej k\u00e1vy.<\/p><p>Caf\u00e9 Femenino to z\u00e1sadne zmenilo. Dnes pre t\u00fato zna\u010dku v Peru pracuje viac ako sedemsto v\u00fdrobcov organizovan\u00fdch v CECANOR. Zna\u010dka \u201eCaf\u00e9 Femenino\u201c podporuje farm\u00e1rky v ich cennom prispievan\u00ed k rodinnej ekonomike, zlep\u0161ovan\u00ed ich sebavedomia, z\u00edskavan\u00ed re\u0161pektu v dom\u00e1cnosti a v ich komunit\u00e1ch a podpore vzdel\u00e1vania \u017eien vo vidieckych oblastiach.<\/p><p>Vysok\u00e1 kvalita k\u00e1vy, ktor\u00fa vyr\u00e1baj\u00fa v\u00fdlu\u010dne \u017eeny, umo\u017enila zna\u010dke \u201eCaf\u00e8 Femenino\u201c etablova\u0165 sa na medzin\u00e1rodn\u00fdch trhoch so \u0161peci\u00e1lnou k\u00e1vou v USA, Kanade, Austr\u00e1lii, Ve\u013ekej Brit\u00e1nii a teraz aj v Rak\u00fasku.<\/p><p>K\u013e\u00fa\u010dov\u00fdm faktorom pozit\u00edvneho rozvoja Caf\u00e9 Femenino je strategick\u00e1 aliancia medzi spolo\u010dnos\u0165ami PROASSA a CECANOR, ktorej cie\u013eom je by\u0165 konkurencieschopn\u00e1 na medzin\u00e1rodnom trhu s k\u00e1vou a posilni\u0165 postavenie \u017eien producentiek k\u00e1vy. V\u010faka tejto dlhodobej v\u00edzii umo\u017enila spolupr\u00e1ca medzi t\u00fdmito dvoma in\u0161tit\u00faciami vytvorenie programu technickej pomoci a syst\u00e9mu vn\u00fatornej kontroly pre pestovanie k\u00e1vy v severnom Peru.<\/p><p>N\u00e1kup surov\u00edn na medzin\u00e1rodn\u00fd predaj je organizovan\u00fd so silnou \u00fa\u010das\u0165ou dru\u017estiev. To zaru\u010duje transparentnos\u0165, sledovate\u013enos\u0165 a vysok\u00fa kvalitu produktu, ako aj d\u00f4veryhodn\u00fd vz\u0165ah so z\u00e1kazn\u00edkmi.<\/p><p>\u201eCaf\u00e9 Femenino\u201c sa teraz stalo medzin\u00e1rodn\u00fdm vzorom pre ostatn\u00e9 krajiny produkuj\u00face k\u00e1vu. V krajin\u00e1ch ako Bol\u00edvia, Kolumbia, Braz\u00edlia, Guatemala, Nikaragua, Mexiko, Dominik\u00e1nska republika, Tanz\u00e1nia a Ke\u0148a spojili sily aj \u017eeny pestovate\u013eky k\u00e1vy, aby uspokojili medzin\u00e1rodn\u00fd dopyt po vynikaj\u00facej k\u00e1ve, ktor\u00fa produkuj\u00fa v\u00fdlu\u010dne \u017eeny.<\/p><h2>Femenino \u2013 \u017densk\u00fd \u0161t\u00fdl<\/h2><p>T\u00fato \u00fa\u017easn\u00fa k\u00e1vu pra\u017e\u00edme pri teplote iba 218 stup\u0148ov, \u010do n\u00e1s pribli\u017euje k chu\u0165ovej rade Third Wave a poz\u00fdva v\u00e1s, aby ste si ju vychutnali. Odteraz si m\u00f4\u017eete objedna\u0165 Femenino aj cez n\u00e1\u0161 internetov\u00fd obchod:<\/p>\t\t\t\t\t\t\t\t<\/div>\n\t\t\t\t<\/div>\n\t\t\t\t\t<\/div>\n\t\t\t\t<\/div>\n\t\t<div class=\"elementor-element elementor-element-aa672b5 e-flex e-con-boxed e-con e-parent\" data-id=\"aa672b5\" data-element_type=\"container\" data-e-type=\"container\">\n\t\t\t\t\t<div class=\"e-con-inner\">\n\t\t<div class=\"elementor-element elementor-element-7942475 e-con-full e-flex e-con e-child\" data-id=\"7942475\" data-element_type=\"container\" data-e-type=\"container\">\n\t\t\t\t<div class=\"elementor-element elementor-element-aba2e8a elementor-widget elementor-widget-image\" data-id=\"aba2e8a\" data-element_type=\"widget\" data-e-type=\"widget\" data-widget_type=\"image.default\">\n\t\t\t\t<div class=\"elementor-widget-container\">\n\t\t\t\t\t\t\t\t\t\t\t\t\t\t\t<img fetchpriority=\"high\" decoding=\"async\" width=\"800\" height=\"800\" src=\"https:\/\/www.cultcaffe.at\/wp-content\/uploads\/2025\/03\/Cult-Caffe_Kaffee-Bohnen_Femenino-1024x1024.jpg\" class=\"attachment-large size-large wp-image-17153\" alt=\"\" srcset=\"https:\/\/www.cultcaffe.at\/wp-content\/uploads\/2025\/03\/Cult-Caffe_Kaffee-Bohnen_Femenino-1024x1024.jpg 1024w, https:\/\/www.cultcaffe.at\/wp-content\/uploads\/2025\/03\/elementor\/thumbs\/Cult-Caffe_Kaffee-Bohnen_Femenino-r2rhp3vvr4slswln6hiitd85xex9u1ess6zwg16nhs.jpg 600w, https:\/\/www.cultcaffe.at\/wp-content\/uploads\/2025\/03\/Cult-Caffe_Kaffee-Bohnen_Femenino-100x100.jpg 100w, https:\/\/www.cultcaffe.at\/wp-content\/uploads\/2025\/03\/Cult-Caffe_Kaffee-Bohnen_Femenino-300x300.jpg 300w, https:\/\/www.cultcaffe.at\/wp-content\/uploads\/2025\/03\/Cult-Caffe_Kaffee-Bohnen_Femenino-150x150.jpg 150w, https:\/\/www.cultcaffe.at\/wp-content\/uploads\/2025\/03\/Cult-Caffe_Kaffee-Bohnen_Femenino-768x768.jpg 768w, https:\/\/www.cultcaffe.at\/wp-content\/uploads\/2025\/03\/Cult-Caffe_Kaffee-Bohnen_Femenino-1536x1536.jpg 1536w, https:\/\/www.cultcaffe.at\/wp-content\/uploads\/2025\/03\/Cult-Caffe_Kaffee-Bohnen_Femenino.jpg 2000w\" sizes=\"(max-width: 800px) 100vw, 800px\" \/>\t\t\t\t\t\t\t\t\t\t\t\t\t\t\t<\/div>\n\t\t\t\t<\/div>\n\t\t\t\t<\/div>\n\t\t<div class=\"elementor-element elementor-element-57b8c90 e-con-full e-flex e-con e-child\" data-id=\"57b8c90\" data-element_type=\"container\" data-e-type=\"container\">\n\t\t\t\t<div class=\"elementor-element elementor-element-c5e4078 elementor-widget elementor-widget-text-editor\" data-id=\"c5e4078\" data-element_type=\"widget\" data-e-type=\"widget\" data-widget_type=\"text-editor.default\">\n\t\t\t\t<div class=\"elementor-widget-container\">\n\t\t\t\t\t\t\t\t\t<h2><strong>Femenino<\/strong><\/h2><p><strong>100% Arabica<\/strong><\/p><p>100 % vynikaj\u00faca k\u00e1va Arabica z Peru, zozbieran\u00e1 a spracovan\u00e1 oddan\u00fdmi a sebavedom\u00fdmi \u017eenami, starostlivo pra\u017een\u00e1 s n\u00e1le\u017eitou \u00factou spolo\u010dnos\u0165ou Cult Caff\u00e8. T\u00e1to \u013eahk\u00e1, ovocn\u00e1 k\u00e1va s bobu\u013eovou pr\u00edchu\u0165ou sa rozv\u00edja<br \/>jeho \u00fa\u017easn\u00e1 ar\u00f3ma.<\/p><p><em>Filtrovan\u00e1 k\u00e1va, plne automatick\u00e1<\/em><\/p>\t\t\t\t\t\t\t\t<\/div>\n\t\t\t\t<\/div>\n\t\t\t\t<div class=\"elementor-element elementor-element-922b1ca elementor-widget elementor-widget-button\" data-id=\"922b1ca\" data-element_type=\"widget\" data-e-type=\"widget\" data-widget_type=\"button.default\">\n\t\t\t\t<div class=\"elementor-widget-container\">\n\t\t\t\t\t\t\t\t\t<div class=\"elementor-button-wrapper\">\n\t\t\t\t\t<a class=\"elementor-button elementor-button-link elementor-size-sm\" href=\"https:\/\/www.cultcaffe.at\/sk\/produkt\/mexiko-pablo-e\/\">\n\t\t\t\t\t\t<span class=\"elementor-button-content-wrapper\">\n\t\t\t\t\t\t\t\t\t<span class=\"elementor-button-text\">K\u00fapte si k\u00e1vov\u00e9 zrn\u00e1 \u201eFemenino\u201c<\/span>\n\t\t\t\t\t<\/span>\n\t\t\t\t\t<\/a>\n\t\t\t\t<\/div>\n\t\t\t\t\t\t\t\t<\/div>\n\t\t\t\t<\/div>\n\t\t\t\t<\/div>\n\t\t\t\t\t<\/div>\n\t\t\t\t<\/div>\n\t\t\t\t<\/div>","protected":false},"excerpt":{"rendered":"<p>Unser Monatskaffee widmet sich diesmal einem ganz besonderem Projekt: Caf\u00e9 Femenino Vor einigen Jahrzehnten waren Frauen neben der ihnen zugewiesenen Hausarbeit an allen produktiven Aufgaben des Kaffeeanbaus beteiligt: von der Vorbereitung des Bodens bis zur Nachernte. Ihre Beteiligung beschr\u00e4nkte sich jedoch ausschlie\u00dflich auf die Arbeit. Sie hatten keine M\u00f6glichkeit einer wirtschaftlichen Verg\u00fctung f\u00fcr den Verkauf [&hellip;]<\/p>\n","protected":false},"author":6,"featured_media":18349,"comment_status":"closed","ping_status":"closed","sticky":false,"template":"","format":"standard","meta":{"inline_featured_image":false,"footnotes":""},"categories":[1],"tags":[],"class_list":["post-15032","post","type-post","status-publish","format-standard","has-post-thumbnail","hentry","category-allgemein"],"yoast_head":"<!-- This site is optimized with the Yoast SEO plugin v27.5 - https:\/\/yoast.com\/product\/yoast-seo-wordpress\/ -->\n<title>Caf\u00e9 Femenino - CultCaff\u00e9 - die Bio Kaffee R\u00f6sterei<\/title>\n<meta name=\"robots\" content=\"index, follow, max-snippet:-1, max-image-preview:large, max-video-preview:-1\" \/>\n<link rel=\"canonical\" href=\"https:\/\/www.cultcaffe.at\/sk\/kaviaren-femenino\/\" \/>\n<meta property=\"og:locale\" content=\"sk_SK\" \/>\n<meta property=\"og:type\" content=\"article\" \/>\n<meta property=\"og:title\" content=\"Caf\u00e9 Femenino - CultCaff\u00e9 - die Bio Kaffee R\u00f6sterei\" \/>\n<meta property=\"og:description\" content=\"Unser Monatskaffee widmet sich diesmal einem ganz besonderem Projekt: Caf\u00e9 Femenino Vor einigen Jahrzehnten waren Frauen neben der ihnen zugewiesenen Hausarbeit an allen produktiven Aufgaben des Kaffeeanbaus beteiligt: von der Vorbereitung des Bodens bis zur Nachernte. Ihre Beteiligung beschr\u00e4nkte sich jedoch ausschlie\u00dflich auf die Arbeit. Sie hatten keine M\u00f6glichkeit einer wirtschaftlichen Verg\u00fctung f\u00fcr den Verkauf [&hellip;]\" \/>\n<meta property=\"og:url\" content=\"https:\/\/www.cultcaffe.at\/sk\/kaviaren-femenino\/\" \/>\n<meta property=\"og:site_name\" content=\"CultCaff\u00e9 - die Bio Kaffee R\u00f6sterei\" \/>\n<meta property=\"article:publisher\" content=\"https:\/\/www.facebook.com\/p\/Cult-Caff%c3%a8-die-R%c3%b6sterei-100039719724703\/?locale=de_DE\" \/>\n<meta property=\"article:published_time\" content=\"2024-03-29T08:05:00+00:00\" \/>\n<meta property=\"article:modified_time\" content=\"2025-05-07T07:27:31+00:00\" \/>\n<meta property=\"og:image\" content=\"https:\/\/www.cultcaffe.at\/wp-content\/uploads\/2024\/03\/CF_Foundation.png\" \/>\n\t<meta property=\"og:image:width\" content=\"1025\" \/>\n\t<meta property=\"og:image:height\" content=\"337\" \/>\n\t<meta property=\"og:image:type\" content=\"image\/png\" \/>\n<meta name=\"author\" content=\"wolfbiz\" \/>\n<meta name=\"twitter:card\" content=\"summary_large_image\" \/>\n<meta name=\"twitter:label1\" content=\"Autor\" \/>\n\t<meta name=\"twitter:data1\" content=\"wolfbiz\" \/>\n\t<meta name=\"twitter:label2\" content=\"Predpokladan\u00fd \u010das \u010d\u00edtania\" \/>\n\t<meta name=\"twitter:data2\" content=\"3 min\u00faty\" \/>\n<script type=\"application\/ld+json\" class=\"yoast-schema-graph\">{\"@context\":\"https:\\\/\\\/schema.org\",\"@graph\":[{\"@type\":\"Article\",\"@id\":\"https:\\\/\\\/www.cultcaffe.at\\\/cafe-femenino\\\/#article\",\"isPartOf\":{\"@id\":\"https:\\\/\\\/www.cultcaffe.at\\\/cafe-femenino\\\/\"},\"author\":{\"name\":\"wolfbiz\",\"@id\":\"https:\\\/\\\/www.cultcaffe.at\\\/#\\\/schema\\\/person\\\/c8959a880633ff3f415a5097732f23ad\"},\"headline\":\"Caf\u00e9 Femenino\",\"datePublished\":\"2024-03-29T08:05:00+00:00\",\"dateModified\":\"2025-05-07T07:27:31+00:00\",\"mainEntityOfPage\":{\"@id\":\"https:\\\/\\\/www.cultcaffe.at\\\/cafe-femenino\\\/\"},\"wordCount\":397,\"publisher\":{\"@id\":\"https:\\\/\\\/www.cultcaffe.at\\\/#organization\"},\"image\":{\"@id\":\"https:\\\/\\\/www.cultcaffe.at\\\/cafe-femenino\\\/#primaryimage\"},\"thumbnailUrl\":\"https:\\\/\\\/www.cultcaffe.at\\\/wp-content\\\/uploads\\\/2024\\\/03\\\/CF_Foundation.png\",\"articleSection\":[\"Allgemein\"],\"inLanguage\":\"sk-SK\"},{\"@type\":\"WebPage\",\"@id\":\"https:\\\/\\\/www.cultcaffe.at\\\/cafe-femenino\\\/\",\"url\":\"https:\\\/\\\/www.cultcaffe.at\\\/cafe-femenino\\\/\",\"name\":\"Caf\u00e9 Femenino - CultCaff\u00e9 - die Bio Kaffee R\u00f6sterei\",\"isPartOf\":{\"@id\":\"https:\\\/\\\/www.cultcaffe.at\\\/#website\"},\"primaryImageOfPage\":{\"@id\":\"https:\\\/\\\/www.cultcaffe.at\\\/cafe-femenino\\\/#primaryimage\"},\"image\":{\"@id\":\"https:\\\/\\\/www.cultcaffe.at\\\/cafe-femenino\\\/#primaryimage\"},\"thumbnailUrl\":\"https:\\\/\\\/www.cultcaffe.at\\\/wp-content\\\/uploads\\\/2024\\\/03\\\/CF_Foundation.png\",\"datePublished\":\"2024-03-29T08:05:00+00:00\",\"dateModified\":\"2025-05-07T07:27:31+00:00\",\"breadcrumb\":{\"@id\":\"https:\\\/\\\/www.cultcaffe.at\\\/cafe-femenino\\\/#breadcrumb\"},\"inLanguage\":\"sk-SK\",\"potentialAction\":[{\"@type\":\"ReadAction\",\"target\":[\"https:\\\/\\\/www.cultcaffe.at\\\/cafe-femenino\\\/\"]}]},{\"@type\":\"ImageObject\",\"inLanguage\":\"sk-SK\",\"@id\":\"https:\\\/\\\/www.cultcaffe.at\\\/cafe-femenino\\\/#primaryimage\",\"url\":\"https:\\\/\\\/www.cultcaffe.at\\\/wp-content\\\/uploads\\\/2024\\\/03\\\/CF_Foundation.png\",\"contentUrl\":\"https:\\\/\\\/www.cultcaffe.at\\\/wp-content\\\/uploads\\\/2024\\\/03\\\/CF_Foundation.png\",\"width\":1025,\"height\":337},{\"@type\":\"BreadcrumbList\",\"@id\":\"https:\\\/\\\/www.cultcaffe.at\\\/cafe-femenino\\\/#breadcrumb\",\"itemListElement\":[{\"@type\":\"ListItem\",\"position\":1,\"name\":\"Startseite\",\"item\":\"https:\\\/\\\/www.cultcaffe.at\\\/\"},{\"@type\":\"ListItem\",\"position\":2,\"name\":\"Caf\u00e9 Femenino\"}]},{\"@type\":\"WebSite\",\"@id\":\"https:\\\/\\\/www.cultcaffe.at\\\/#website\",\"url\":\"https:\\\/\\\/www.cultcaffe.at\\\/\",\"name\":\"CultCaff\u00e9 - die Bio Kaffee R\u00f6sterei\",\"description\":\"Liebe zum Kaffee\",\"publisher\":{\"@id\":\"https:\\\/\\\/www.cultcaffe.at\\\/#organization\"},\"potentialAction\":[{\"@type\":\"SearchAction\",\"target\":{\"@type\":\"EntryPoint\",\"urlTemplate\":\"https:\\\/\\\/www.cultcaffe.at\\\/?s={search_term_string}\"},\"query-input\":{\"@type\":\"PropertyValueSpecification\",\"valueRequired\":true,\"valueName\":\"search_term_string\"}}],\"inLanguage\":\"sk-SK\"},{\"@type\":[\"Organization\",\"Place\"],\"@id\":\"https:\\\/\\\/www.cultcaffe.at\\\/#organization\",\"name\":\"CultCaff\u00e9 Kaffeer\u00f6sterei GmbH\",\"alternateName\":\"CultCaff\u00e9\",\"url\":\"https:\\\/\\\/www.cultcaffe.at\\\/\",\"logo\":{\"@id\":\"https:\\\/\\\/www.cultcaffe.at\\\/cafe-femenino\\\/#local-main-organization-logo\"},\"image\":{\"@id\":\"https:\\\/\\\/www.cultcaffe.at\\\/cafe-femenino\\\/#local-main-organization-logo\"},\"sameAs\":[\"https:\\\/\\\/www.facebook.com\\\/p\\\/Cult-Caff\u00e8-die-R\u00f6sterei-100039719724703\\\/?locale=de_DE\",\"https:\\\/\\\/www.instagram.com\\\/cultcaffe.at\\\/\"],\"hasMerchantReturnPolicy\":{\"@type\":\"MerchantReturnPolicy\",\"merchantReturnLink\":\"https:\\\/\\\/www.cultcaffe.at\\\/sk\\\/agbs\\\/\"},\"telephone\":[],\"openingHoursSpecification\":[{\"@type\":\"OpeningHoursSpecification\",\"dayOfWeek\":[\"Monday\",\"Tuesday\",\"Wednesday\",\"Thursday\",\"Friday\",\"Saturday\",\"Sunday\"],\"opens\":\"09:00\",\"closes\":\"17:00\"}]},{\"@type\":\"Person\",\"@id\":\"https:\\\/\\\/www.cultcaffe.at\\\/#\\\/schema\\\/person\\\/c8959a880633ff3f415a5097732f23ad\",\"name\":\"wolfbiz\"},{\"@type\":\"ImageObject\",\"inLanguage\":\"sk-SK\",\"@id\":\"https:\\\/\\\/www.cultcaffe.at\\\/cafe-femenino\\\/#local-main-organization-logo\",\"url\":\"https:\\\/\\\/www.cultcaffe.at\\\/wp-content\\\/uploads\\\/2023\\\/11\\\/cultcaffe_logo_regular_dark-1.svg\",\"contentUrl\":\"https:\\\/\\\/www.cultcaffe.at\\\/wp-content\\\/uploads\\\/2023\\\/11\\\/cultcaffe_logo_regular_dark-1.svg\",\"width\":756,\"height\":474,\"caption\":\"CultCaff\u00e9 Kaffeer\u00f6sterei GmbH\"}]}<\/script>\n<!-- \/ Yoast SEO plugin. -->","yoast_head_json":{"title":"Caf\u00e9 Femenino - CultCaff\u00e9 - pra\u017eiare\u0148 organickej k\u00e1vy","robots":{"index":"index","follow":"follow","max-snippet":"max-snippet:-1","max-image-preview":"max-image-preview:large","max-video-preview":"max-video-preview:-1"},"canonical":"https:\/\/www.cultcaffe.at\/sk\/kaviaren-femenino\/","og_locale":"sk_SK","og_type":"article","og_title":"Caf\u00e9 Femenino - CultCaff\u00e9 - die Bio Kaffee R\u00f6sterei","og_description":"Unser Monatskaffee widmet sich diesmal einem ganz besonderem Projekt: Caf\u00e9 Femenino Vor einigen Jahrzehnten waren Frauen neben der ihnen zugewiesenen Hausarbeit an allen produktiven Aufgaben des Kaffeeanbaus beteiligt: von der Vorbereitung des Bodens bis zur Nachernte. Ihre Beteiligung beschr\u00e4nkte sich jedoch ausschlie\u00dflich auf die Arbeit. Sie hatten keine M\u00f6glichkeit einer wirtschaftlichen Verg\u00fctung f\u00fcr den Verkauf [&hellip;]","og_url":"https:\/\/www.cultcaffe.at\/sk\/kaviaren-femenino\/","og_site_name":"CultCaff\u00e9 - die Bio Kaffee R\u00f6sterei","article_publisher":"https:\/\/www.facebook.com\/p\/Cult-Caff%c3%a8-die-R%c3%b6sterei-100039719724703\/?locale=de_DE","article_published_time":"2024-03-29T08:05:00+00:00","article_modified_time":"2025-05-07T07:27:31+00:00","og_image":[{"width":1025,"height":337,"url":"https:\/\/www.cultcaffe.at\/wp-content\/uploads\/2024\/03\/CF_Foundation.png","type":"image\/png"}],"author":"wolfbiz","twitter_card":"summary_large_image","twitter_misc":{"Autor":"wolfbiz","Predpokladan\u00fd \u010das \u010d\u00edtania":"3 min\u00faty"},"schema":{"@context":"https:\/\/schema.org","@graph":[{"@type":"Article","@id":"https:\/\/www.cultcaffe.at\/cafe-femenino\/#article","isPartOf":{"@id":"https:\/\/www.cultcaffe.at\/cafe-femenino\/"},"author":{"name":"wolfbiz","@id":"https:\/\/www.cultcaffe.at\/#\/schema\/person\/c8959a880633ff3f415a5097732f23ad"},"headline":"Caf\u00e9 Femenino","datePublished":"2024-03-29T08:05:00+00:00","dateModified":"2025-05-07T07:27:31+00:00","mainEntityOfPage":{"@id":"https:\/\/www.cultcaffe.at\/cafe-femenino\/"},"wordCount":397,"publisher":{"@id":"https:\/\/www.cultcaffe.at\/#organization"},"image":{"@id":"https:\/\/www.cultcaffe.at\/cafe-femenino\/#primaryimage"},"thumbnailUrl":"https:\/\/www.cultcaffe.at\/wp-content\/uploads\/2024\/03\/CF_Foundation.png","articleSection":["Allgemein"],"inLanguage":"sk-SK"},{"@type":"WebPage","@id":"https:\/\/www.cultcaffe.at\/cafe-femenino\/","url":"https:\/\/www.cultcaffe.at\/cafe-femenino\/","name":"Caf\u00e9 Femenino - CultCaff\u00e9 - pra\u017eiare\u0148 organickej k\u00e1vy","isPartOf":{"@id":"https:\/\/www.cultcaffe.at\/#website"},"primaryImageOfPage":{"@id":"https:\/\/www.cultcaffe.at\/cafe-femenino\/#primaryimage"},"image":{"@id":"https:\/\/www.cultcaffe.at\/cafe-femenino\/#primaryimage"},"thumbnailUrl":"https:\/\/www.cultcaffe.at\/wp-content\/uploads\/2024\/03\/CF_Foundation.png","datePublished":"2024-03-29T08:05:00+00:00","dateModified":"2025-05-07T07:27:31+00:00","breadcrumb":{"@id":"https:\/\/www.cultcaffe.at\/cafe-femenino\/#breadcrumb"},"inLanguage":"sk-SK","potentialAction":[{"@type":"ReadAction","target":["https:\/\/www.cultcaffe.at\/cafe-femenino\/"]}]},{"@type":"ImageObject","inLanguage":"sk-SK","@id":"https:\/\/www.cultcaffe.at\/cafe-femenino\/#primaryimage","url":"https:\/\/www.cultcaffe.at\/wp-content\/uploads\/2024\/03\/CF_Foundation.png","contentUrl":"https:\/\/www.cultcaffe.at\/wp-content\/uploads\/2024\/03\/CF_Foundation.png","width":1025,"height":337},{"@type":"BreadcrumbList","@id":"https:\/\/www.cultcaffe.at\/cafe-femenino\/#breadcrumb","itemListElement":[{"@type":"ListItem","position":1,"name":"Startseite","item":"https:\/\/www.cultcaffe.at\/"},{"@type":"ListItem","position":2,"name":"Caf\u00e9 Femenino"}]},{"@type":"WebSite","@id":"https:\/\/www.cultcaffe.at\/#website","url":"https:\/\/www.cultcaffe.at\/","name":"CultCaff\u00e9 - pra\u017eiare\u0148 organickej k\u00e1vy","description":"L\u00e1ska ku k\u00e1ve","publisher":{"@id":"https:\/\/www.cultcaffe.at\/#organization"},"potentialAction":[{"@type":"SearchAction","target":{"@type":"EntryPoint","urlTemplate":"https:\/\/www.cultcaffe.at\/?s={search_term_string}"},"query-input":{"@type":"PropertyValueSpecification","valueRequired":true,"valueName":"search_term_string"}}],"inLanguage":"sk-SK"},{"@type":["Organization","Place"],"@id":"https:\/\/www.cultcaffe.at\/#organization","name":"CultCaff\u00e9 Coffee Roastery GmbH","alternateName":"CultCaff\u00e9","url":"https:\/\/www.cultcaffe.at\/","logo":{"@id":"https:\/\/www.cultcaffe.at\/cafe-femenino\/#local-main-organization-logo"},"image":{"@id":"https:\/\/www.cultcaffe.at\/cafe-femenino\/#local-main-organization-logo"},"sameAs":["https:\/\/www.facebook.com\/p\/Cult-Caff\u00e8-die-R\u00f6sterei-100039719724703\/?locale=de_DE","https:\/\/www.instagram.com\/cultcaffe.at\/"],"hasMerchantReturnPolicy":{"@type":"MerchantReturnPolicy","merchantReturnLink":"https:\/\/www.cultcaffe.at\/sk\/agbs\/"},"telephone":[],"openingHoursSpecification":[{"@type":"OpeningHoursSpecification","dayOfWeek":["Monday","Tuesday","Wednesday","Thursday","Friday","Saturday","Sunday"],"opens":"09:00","closes":"17:00"}]},{"@type":"Person","@id":"https:\/\/www.cultcaffe.at\/#\/schema\/person\/c8959a880633ff3f415a5097732f23ad","name":"wolfbiz"},{"@type":"ImageObject","inLanguage":"sk-SK","@id":"https:\/\/www.cultcaffe.at\/cafe-femenino\/#local-main-organization-logo","url":"https:\/\/www.cultcaffe.at\/wp-content\/uploads\/2023\/11\/cultcaffe_logo_regular_dark-1.svg","contentUrl":"https:\/\/www.cultcaffe.at\/wp-content\/uploads\/2023\/11\/cultcaffe_logo_regular_dark-1.svg","width":756,"height":474,"caption":"CultCaff\u00e9 Kaffeer\u00f6sterei GmbH"}]}},"_links":{"self":[{"href":"https:\/\/www.cultcaffe.at\/sk\/wp-json\/wp\/v2\/posts\/15032","targetHints":{"allow":["GET"]}}],"collection":[{"href":"https:\/\/www.cultcaffe.at\/sk\/wp-json\/wp\/v2\/posts"}],"about":[{"href":"https:\/\/www.cultcaffe.at\/sk\/wp-json\/wp\/v2\/types\/post"}],"author":[{"embeddable":true,"href":"https:\/\/www.cultcaffe.at\/sk\/wp-json\/wp\/v2\/users\/6"}],"replies":[{"embeddable":true,"href":"https:\/\/www.cultcaffe.at\/sk\/wp-json\/wp\/v2\/comments?post=15032"}],"version-history":[{"count":12,"href":"https:\/\/www.cultcaffe.at\/sk\/wp-json\/wp\/v2\/posts\/15032\/revisions"}],"predecessor-version":[{"id":18348,"href":"https:\/\/www.cultcaffe.at\/sk\/wp-json\/wp\/v2\/posts\/15032\/revisions\/18348"}],"wp:featuredmedia":[{"embeddable":true,"href":"https:\/\/www.cultcaffe.at\/sk\/wp-json\/wp\/v2\/media\/18349"}],"wp:attachment":[{"href":"https:\/\/www.cultcaffe.at\/sk\/wp-json\/wp\/v2\/media?parent=15032"}],"wp:term":[{"taxonomy":"category","embeddable":true,"href":"https:\/\/www.cultcaffe.at\/sk\/wp-json\/wp\/v2\/categories?post=15032"},{"taxonomy":"post_tag","embeddable":true,"href":"https:\/\/www.cultcaffe.at\/sk\/wp-json\/wp\/v2\/tags?post=15032"}],"curies":[{"name":"pracovn\u00fd list","href":"https:\/\/api.w.org\/{rel}","templated":true}]}}