{"id":15021,"date":"2024-02-23T08:47:23","date_gmt":"2024-02-23T07:47:23","guid":{"rendered":"https:\/\/www.cultcaffe.at\/?p=15021"},"modified":"2025-05-07T09:34:18","modified_gmt":"2025-05-07T07:34:18","slug":"novy-rok-novy-dizajn","status":"publish","type":"post","link":"https:\/\/www.cultcaffe.at\/sk\/neues-jahr-neues-design\/","title":{"rendered":"Espresso pre milovn\u00edkov k\u00e1vy Vydanie 01\/24"},"content":{"rendered":"<div data-elementor-type=\"wp-post\" data-elementor-id=\"15021\" class=\"elementor elementor-15021\" data-elementor-post-type=\"post\">\n\t\t\t\t<div class=\"elementor-element elementor-element-410e972 e-flex e-con-boxed e-con e-parent\" data-id=\"410e972\" data-element_type=\"container\" data-e-type=\"container\">\n\t\t\t\t\t<div class=\"e-con-inner\">\n\t\t<div class=\"elementor-element elementor-element-c879fd6 e-con-full e-flex e-con e-child\" data-id=\"c879fd6\" data-element_type=\"container\" data-e-type=\"container\">\n\t\t\t\t<div class=\"elementor-element elementor-element-20dc8ff2 elementor-widget elementor-widget-text-editor\" data-id=\"20dc8ff2\" data-element_type=\"widget\" data-e-type=\"widget\" data-widget_type=\"text-editor.default\">\n\t\t\t\t<div class=\"elementor-widget-container\">\n\t\t\t\t\t\t\t\t\t<h2>Nov\u00fd rok \u2013 nov\u00fd dizajn<\/h2><p>Od n\u00e1\u0161ho posledn\u00e9ho re\u0161tartovania uplynulo takmer 10 rokov a nastal \u010das na \u010fal\u0161iu moderniz\u00e1ciu. Na\u0161a identita zna\u010dky by mala ma\u0165 nov\u00fd vizu\u00e1lny jazyk a mala by p\u00f4sobi\u0165 jasnej\u0161ie a svie\u017eej\u0161ie.<\/p><p>\u0160t\u00fdlov\u00fd, estetick\u00fd pr\u00edstup s retro n\u00e1dychom budeme postupne implementova\u0165 v roku 2024.<\/p><p>Nov\u00e9 \u0161\u00e1lky so zn\u00ed\u017een\u00fdm dizajnom a jemn\u00fdmi farbami tie\u017e pote\u0161ia va\u0161ich host\u00ed.<\/p>\t\t\t\t\t\t\t\t<\/div>\n\t\t\t\t<\/div>\n\t\t\t\t<\/div>\n\t\t<div class=\"elementor-element elementor-element-642bb3d e-con-full e-flex e-con e-child\" data-id=\"642bb3d\" data-element_type=\"container\" data-e-type=\"container\">\n\t\t\t\t<div class=\"elementor-element elementor-element-c1884e1 elementor-widget elementor-widget-image\" data-id=\"c1884e1\" data-element_type=\"widget\" data-e-type=\"widget\" data-widget_type=\"image.default\">\n\t\t\t\t<div class=\"elementor-widget-container\">\n\t\t\t\t\t\t\t\t\t\t\t\t\t\t\t<img fetchpriority=\"high\" decoding=\"async\" width=\"800\" height=\"803\" src=\"https:\/\/www.cultcaffe.at\/wp-content\/uploads\/2024\/02\/impressionen-neues-design.jpg\" class=\"attachment-large size-large wp-image-18352\" alt=\"\" srcset=\"https:\/\/www.cultcaffe.at\/wp-content\/uploads\/2024\/02\/impressionen-neues-design.jpg 817w, https:\/\/www.cultcaffe.at\/wp-content\/uploads\/2024\/02\/impressionen-neues-design-100x100.jpg 100w, https:\/\/www.cultcaffe.at\/wp-content\/uploads\/2024\/02\/impressionen-neues-design-600x602.jpg 600w, https:\/\/www.cultcaffe.at\/wp-content\/uploads\/2024\/02\/impressionen-neues-design-300x300.jpg 300w, https:\/\/www.cultcaffe.at\/wp-content\/uploads\/2024\/02\/impressionen-neues-design-150x150.jpg 150w, https:\/\/www.cultcaffe.at\/wp-content\/uploads\/2024\/02\/impressionen-neues-design-768x771.jpg 768w, https:\/\/www.cultcaffe.at\/wp-content\/uploads\/2024\/02\/impressionen-neues-design-12x12.jpg 12w\" sizes=\"(max-width: 800px) 100vw, 800px\" \/>\t\t\t\t\t\t\t\t\t\t\t\t\t\t\t<\/div>\n\t\t\t\t<\/div>\n\t\t\t\t<\/div>\n\t\t\t\t\t<\/div>\n\t\t\t\t<\/div>\n\t\t<div class=\"elementor-element elementor-element-736ce5c e-flex e-con-boxed e-con e-parent\" data-id=\"736ce5c\" data-element_type=\"container\" data-e-type=\"container\">\n\t\t\t\t\t<div class=\"e-con-inner\">\n\t\t<div class=\"elementor-element elementor-element-e89dc5e e-con-full e-flex e-con e-child\" data-id=\"e89dc5e\" data-element_type=\"container\" data-e-type=\"container\">\n\t\t\t\t<div class=\"elementor-element elementor-element-3fd626a elementor-widget elementor-widget-text-editor\" data-id=\"3fd626a\" data-element_type=\"widget\" data-e-type=\"widget\" data-widget_type=\"text-editor.default\">\n\t\t\t\t<div class=\"elementor-widget-container\">\n\t\t\t\t\t\t\t\t\t<h2>Kontrola tesnenia<\/h2><p>Ponuka produktov s pe\u010da\u0165ami kvality a oceneniami za udr\u017eate\u013enos\u0165 neust\u00e1le rastie.<\/p><p>\u201eEko, bio alebo FAIR\u201c s\u013eubuje \u010dist\u00e9 svedomie pri konzum\u00e1cii. N\u00e1\u0161 z\u00e1v\u00e4zok k spravodliv\u00e9mu obchodu je nespochybnite\u013en\u00fd, preto\u017ee preukazuje d\u00f4veryhodnos\u0165.<\/p><p>Spravodlivos\u0165, f\u00e9rov\u00e9 ceny a re\u0161pekt s\u00fa z\u00e1kladmi na\u0161ich partnerstiev s farm\u00e1rmi a sk\u00fasen\u00fdmi obchodn\u00edkmi so zelenou k\u00e1vou.<\/p><p>Vieme, \u017ee \u0161pi\u010dkov\u00e1 kvalita m\u00e1 svoju cenu a plat\u00edme ceny nad trhovou \u00farov\u0148ou. V tomto oh\u013eade prispievame k rozvoju na\u0161ich partnerov, ktor\u00ed by mali by\u0165 schopn\u00ed sa svojou pr\u00e1cou dobre u\u017eivi\u0165.<\/p><p>To si nevy\u017eaduje ve\u013ek\u00e9 organiz\u00e1cie s nadmernou byrokraciou a administrat\u00edvou. S projektmi ako Feminina z Peru a Orang Utan (<a href=\"https:\/\/www.cultcaffe.at\/sk\/kava\/projekt-orangutanov\/\">Projekt orangutanskej k\u00e1vy<\/a>) z Indon\u00e9zie berieme t\u00fato filozofiu do \u00favahy.<\/p><p>Na\u0161e n\u00e1v\u0161tevy k\u00e1vov\u00fdch plant\u00e1\u017e\u00ed a mnoh\u00e9 diskusie s farmami, kolegami pra\u017eiarmi a obchodn\u00edkmi so zelenou k\u00e1vou potvrdzuj\u00fa, \u017ee je mo\u017en\u00e9 pracova\u0165 transparentne a sledovate\u013ene aj bez certifika\u010dnej pe\u010date. Z tohto d\u00f4vodu sme sa po \u0161iestich rokoch rozhodli ukon\u010di\u0165 na\u0161u zmluvu s organiz\u00e1ciou Fairtrade.<\/p><p>Nie s\u00fa potrebn\u00e9 obrovsk\u00e9, naf\u00faknut\u00e9, n\u00e1kladovo n\u00e1ro\u010dn\u00e9 a na zisk orientovan\u00e9 spr\u00e1vcovsk\u00e9 organiz\u00e1cie ako Fairtrade, ktor\u00e9 v syst\u00e9me vyrovn\u00e1vaj\u00fa mno\u017estvo.<\/p><p>Na\u010falej dodr\u017eiavame organick\u00fa certifik\u00e1ciu a v na\u0161om sortimente m\u00e1me dve vynikaj\u00face organick\u00e9 zmesi.<\/p><p>Cult Caff\u00e8 na\u010falej predstavuje najvy\u0161\u0161iu kvalitu a partnerstv\u00e1 za rovnak\u00fdch podmienok.<\/p><p>\u00a0<\/p>\t\t\t\t\t\t\t\t<\/div>\n\t\t\t\t<\/div>\n\t\t\t\t<\/div>\n\t\t\t\t\t<\/div>\n\t\t\t\t<\/div>\n\t\t<div class=\"elementor-element elementor-element-e684fdc e-flex e-con-boxed e-con e-parent\" data-id=\"e684fdc\" data-element_type=\"container\" data-e-type=\"container\">\n\t\t\t\t\t<div class=\"e-con-inner\">\n\t\t<div class=\"elementor-element elementor-element-e362d0f e-con-full e-flex e-con e-child\" data-id=\"e362d0f\" data-element_type=\"container\" data-e-type=\"container\">\n\t\t\t\t<div class=\"elementor-element elementor-element-736dd9e elementor-widget elementor-widget-text-editor\" data-id=\"736dd9e\" data-element_type=\"widget\" data-e-type=\"widget\" data-widget_type=\"text-editor.default\">\n\t\t\t\t<div class=\"elementor-widget-container\">\n\t\t\t\t\t\t\t\t\t<h2>Legenda op\u00fa\u0161\u0165a are\u00e1l CultCaff\u00e9\u2026<\/h2><p>N\u00e1\u0161 drah\u00fd kolega Manfred Sandler, \u010dlen t\u00edmu Cult Caff\u00e8 od roku 2015, odi\u0161iel do zasl\u00fa\u017een\u00e9ho d\u00f4chodku so zmie\u0161an\u00fdmi pocitmi.<\/p><p>\u010eAKUJEME, mil\u00fd Manfred, za tvoje nasadenie, tvoj humor, lahodn\u00e9 pe\u010divo a tvoju remeseln\u00fa zru\u010dnos\u0165, ktor\u00e1 n\u00e1m bola \u010dasto ve\u013ekou pomocou!<\/p><p>Ve\u013ea kr\u00e1snych hod\u00edn vo\u013en\u00e9ho \u010dasu s rodinou a radosti z venovania sa v\u0161etk\u00fdm va\u0161im kon\u00ed\u010dkom,<\/p><p>Silvia a Walter<br \/>Petra a Tobi\u00e1\u0161<br \/>Barbara, Manuela, Sandra<\/p>\t\t\t\t\t\t\t\t<\/div>\n\t\t\t\t<\/div>\n\t\t\t\t<\/div>\n\t\t<div class=\"elementor-element elementor-element-abb3055 e-con-full e-flex e-con e-child\" data-id=\"abb3055\" data-element_type=\"container\" data-e-type=\"container\">\n\t\t\t\t<div class=\"elementor-element elementor-element-f7fe5b0 elementor-widget elementor-widget-image\" data-id=\"f7fe5b0\" data-element_type=\"widget\" data-e-type=\"widget\" data-widget_type=\"image.default\">\n\t\t\t\t<div class=\"elementor-widget-container\">\n\t\t\t\t\t\t\t\t\t\t\t\t\t\t\t<img decoding=\"async\" width=\"439\" height=\"480\" src=\"https:\/\/www.cultcaffe.at\/wp-content\/uploads\/2024\/02\/manfred-1.jpg\" class=\"attachment-large size-large wp-image-18353\" alt=\"\" srcset=\"https:\/\/www.cultcaffe.at\/wp-content\/uploads\/2024\/02\/manfred-1.jpg 439w, https:\/\/www.cultcaffe.at\/wp-content\/uploads\/2024\/02\/manfred-1-274x300.jpg 274w, https:\/\/www.cultcaffe.at\/wp-content\/uploads\/2024\/02\/manfred-1-11x12.jpg 11w\" sizes=\"(max-width: 439px) 100vw, 439px\" \/>\t\t\t\t\t\t\t\t\t\t\t\t\t\t\t<\/div>\n\t\t\t\t<\/div>\n\t\t\t\t<\/div>\n\t\t\t\t\t<\/div>\n\t\t\t\t<\/div>\n\t\t\t\t<\/div>","protected":false},"excerpt":{"rendered":"<p>Neues Jahr &#8211; neues Design Seit unserem letzten Relaunch sind fast 10 Jahre vergangen und es war wieder Zeit f\u00fcr eine Modernisierung. Unser Markenauftritt sollte eine neue Bildsprache bekommen, sowie heller und frischer wirken. Eine stilvolle, \u00e4sthetische Betrachtungsweise mit einem Retro-Touch werden wir Schritt f\u00fcr Schritt im Jahr 2024 umsetzen. Auch neue Tassen in reduziertem [&hellip;]<\/p>\n","protected":false},"author":6,"featured_media":15039,"comment_status":"closed","ping_status":"closed","sticky":false,"template":"","format":"standard","meta":{"inline_featured_image":false,"footnotes":""},"categories":[1],"tags":[],"class_list":["post-15021","post","type-post","status-publish","format-standard","has-post-thumbnail","hentry","category-allgemein"],"yoast_head":"<!-- This site is optimized with the Yoast SEO plugin v27.5 - https:\/\/yoast.com\/product\/yoast-seo-wordpress\/ -->\n<title>Espresso for Coffee Lovers Ausgabe 01\/24 - CultCaff\u00e9 - die Bio Kaffee R\u00f6sterei<\/title>\n<meta name=\"robots\" content=\"index, follow, max-snippet:-1, max-image-preview:large, max-video-preview:-1\" \/>\n<link rel=\"canonical\" href=\"https:\/\/www.cultcaffe.at\/sk\/novy-rok-novy-dizajn\/\" \/>\n<meta property=\"og:locale\" content=\"sk_SK\" \/>\n<meta property=\"og:type\" content=\"article\" \/>\n<meta property=\"og:title\" content=\"Espresso for Coffee Lovers Ausgabe 01\/24 - CultCaff\u00e9 - die Bio Kaffee R\u00f6sterei\" \/>\n<meta property=\"og:description\" content=\"Neues Jahr &#8211; neues Design Seit unserem letzten Relaunch sind fast 10 Jahre vergangen und es war wieder Zeit f\u00fcr eine Modernisierung. Unser Markenauftritt sollte eine neue Bildsprache bekommen, sowie heller und frischer wirken. Eine stilvolle, \u00e4sthetische Betrachtungsweise mit einem Retro-Touch werden wir Schritt f\u00fcr Schritt im Jahr 2024 umsetzen. Auch neue Tassen in reduziertem [&hellip;]\" \/>\n<meta property=\"og:url\" content=\"https:\/\/www.cultcaffe.at\/sk\/novy-rok-novy-dizajn\/\" \/>\n<meta property=\"og:site_name\" content=\"CultCaff\u00e9 - die Bio Kaffee R\u00f6sterei\" \/>\n<meta property=\"article:publisher\" content=\"https:\/\/www.facebook.com\/p\/Cult-Caff%c3%a8-die-R%c3%b6sterei-100039719724703\/?locale=de_DE\" \/>\n<meta property=\"article:published_time\" content=\"2024-02-23T07:47:23+00:00\" \/>\n<meta property=\"article:modified_time\" content=\"2025-05-07T07:34:18+00:00\" \/>\n<meta property=\"og:image\" content=\"https:\/\/www.cultcaffe.at\/wp-content\/uploads\/2024\/02\/CultCaffe\u00a9nimozimmerhackl_MGL8924-scaled.jpg\" \/>\n\t<meta property=\"og:image:width\" content=\"2560\" \/>\n\t<meta property=\"og:image:height\" content=\"1707\" \/>\n\t<meta property=\"og:image:type\" content=\"image\/jpeg\" \/>\n<meta name=\"author\" content=\"wolfbiz\" \/>\n<meta name=\"twitter:card\" content=\"summary_large_image\" \/>\n<meta name=\"twitter:label1\" content=\"Autor\" \/>\n\t<meta name=\"twitter:data1\" content=\"wolfbiz\" \/>\n\t<meta name=\"twitter:label2\" content=\"Predpokladan\u00fd \u010das \u010d\u00edtania\" \/>\n\t<meta name=\"twitter:data2\" content=\"3 min\u00faty\" \/>\n<script type=\"application\/ld+json\" class=\"yoast-schema-graph\">{\"@context\":\"https:\\\/\\\/schema.org\",\"@graph\":[{\"@type\":\"Article\",\"@id\":\"https:\\\/\\\/www.cultcaffe.at\\\/neues-jahr-neues-design\\\/#article\",\"isPartOf\":{\"@id\":\"https:\\\/\\\/www.cultcaffe.at\\\/neues-jahr-neues-design\\\/\"},\"author\":{\"name\":\"wolfbiz\",\"@id\":\"https:\\\/\\\/www.cultcaffe.at\\\/#\\\/schema\\\/person\\\/c8959a880633ff3f415a5097732f23ad\"},\"headline\":\"Espresso for Coffee Lovers Ausgabe 01\\\/24\",\"datePublished\":\"2024-02-23T07:47:23+00:00\",\"dateModified\":\"2025-05-07T07:34:18+00:00\",\"mainEntityOfPage\":{\"@id\":\"https:\\\/\\\/www.cultcaffe.at\\\/neues-jahr-neues-design\\\/\"},\"wordCount\":367,\"publisher\":{\"@id\":\"https:\\\/\\\/www.cultcaffe.at\\\/#organization\"},\"image\":{\"@id\":\"https:\\\/\\\/www.cultcaffe.at\\\/neues-jahr-neues-design\\\/#primaryimage\"},\"thumbnailUrl\":\"https:\\\/\\\/www.cultcaffe.at\\\/wp-content\\\/uploads\\\/2024\\\/02\\\/CultCaffe\u00a9nimozimmerhackl_MGL8924-scaled.jpg\",\"articleSection\":[\"Allgemein\"],\"inLanguage\":\"sk-SK\"},{\"@type\":\"WebPage\",\"@id\":\"https:\\\/\\\/www.cultcaffe.at\\\/neues-jahr-neues-design\\\/\",\"url\":\"https:\\\/\\\/www.cultcaffe.at\\\/neues-jahr-neues-design\\\/\",\"name\":\"Espresso for Coffee Lovers Ausgabe 01\\\/24 - CultCaff\u00e9 - die Bio Kaffee R\u00f6sterei\",\"isPartOf\":{\"@id\":\"https:\\\/\\\/www.cultcaffe.at\\\/#website\"},\"primaryImageOfPage\":{\"@id\":\"https:\\\/\\\/www.cultcaffe.at\\\/neues-jahr-neues-design\\\/#primaryimage\"},\"image\":{\"@id\":\"https:\\\/\\\/www.cultcaffe.at\\\/neues-jahr-neues-design\\\/#primaryimage\"},\"thumbnailUrl\":\"https:\\\/\\\/www.cultcaffe.at\\\/wp-content\\\/uploads\\\/2024\\\/02\\\/CultCaffe\u00a9nimozimmerhackl_MGL8924-scaled.jpg\",\"datePublished\":\"2024-02-23T07:47:23+00:00\",\"dateModified\":\"2025-05-07T07:34:18+00:00\",\"breadcrumb\":{\"@id\":\"https:\\\/\\\/www.cultcaffe.at\\\/neues-jahr-neues-design\\\/#breadcrumb\"},\"inLanguage\":\"sk-SK\",\"potentialAction\":[{\"@type\":\"ReadAction\",\"target\":[\"https:\\\/\\\/www.cultcaffe.at\\\/neues-jahr-neues-design\\\/\"]}]},{\"@type\":\"ImageObject\",\"inLanguage\":\"sk-SK\",\"@id\":\"https:\\\/\\\/www.cultcaffe.at\\\/neues-jahr-neues-design\\\/#primaryimage\",\"url\":\"https:\\\/\\\/www.cultcaffe.at\\\/wp-content\\\/uploads\\\/2024\\\/02\\\/CultCaffe\u00a9nimozimmerhackl_MGL8924-scaled.jpg\",\"contentUrl\":\"https:\\\/\\\/www.cultcaffe.at\\\/wp-content\\\/uploads\\\/2024\\\/02\\\/CultCaffe\u00a9nimozimmerhackl_MGL8924-scaled.jpg\",\"width\":2560,\"height\":1707},{\"@type\":\"BreadcrumbList\",\"@id\":\"https:\\\/\\\/www.cultcaffe.at\\\/neues-jahr-neues-design\\\/#breadcrumb\",\"itemListElement\":[{\"@type\":\"ListItem\",\"position\":1,\"name\":\"Startseite\",\"item\":\"https:\\\/\\\/www.cultcaffe.at\\\/\"},{\"@type\":\"ListItem\",\"position\":2,\"name\":\"Espresso for Coffee Lovers Ausgabe 01\\\/24\"}]},{\"@type\":\"WebSite\",\"@id\":\"https:\\\/\\\/www.cultcaffe.at\\\/#website\",\"url\":\"https:\\\/\\\/www.cultcaffe.at\\\/\",\"name\":\"CultCaff\u00e9 - die Bio Kaffee R\u00f6sterei\",\"description\":\"Liebe zum Kaffee\",\"publisher\":{\"@id\":\"https:\\\/\\\/www.cultcaffe.at\\\/#organization\"},\"potentialAction\":[{\"@type\":\"SearchAction\",\"target\":{\"@type\":\"EntryPoint\",\"urlTemplate\":\"https:\\\/\\\/www.cultcaffe.at\\\/?s={search_term_string}\"},\"query-input\":{\"@type\":\"PropertyValueSpecification\",\"valueRequired\":true,\"valueName\":\"search_term_string\"}}],\"inLanguage\":\"sk-SK\"},{\"@type\":[\"Organization\",\"Place\"],\"@id\":\"https:\\\/\\\/www.cultcaffe.at\\\/#organization\",\"name\":\"CultCaff\u00e9 Kaffeer\u00f6sterei GmbH\",\"alternateName\":\"CultCaff\u00e9\",\"url\":\"https:\\\/\\\/www.cultcaffe.at\\\/\",\"logo\":{\"@id\":\"https:\\\/\\\/www.cultcaffe.at\\\/neues-jahr-neues-design\\\/#local-main-organization-logo\"},\"image\":{\"@id\":\"https:\\\/\\\/www.cultcaffe.at\\\/neues-jahr-neues-design\\\/#local-main-organization-logo\"},\"sameAs\":[\"https:\\\/\\\/www.facebook.com\\\/p\\\/Cult-Caff\u00e8-die-R\u00f6sterei-100039719724703\\\/?locale=de_DE\",\"https:\\\/\\\/www.instagram.com\\\/cultcaffe.at\\\/\"],\"hasMerchantReturnPolicy\":{\"@type\":\"MerchantReturnPolicy\",\"merchantReturnLink\":\"https:\\\/\\\/www.cultcaffe.at\\\/sk\\\/agbs\\\/\"},\"telephone\":[],\"openingHoursSpecification\":[{\"@type\":\"OpeningHoursSpecification\",\"dayOfWeek\":[\"Monday\",\"Tuesday\",\"Wednesday\",\"Thursday\",\"Friday\",\"Saturday\",\"Sunday\"],\"opens\":\"09:00\",\"closes\":\"17:00\"}]},{\"@type\":\"Person\",\"@id\":\"https:\\\/\\\/www.cultcaffe.at\\\/#\\\/schema\\\/person\\\/c8959a880633ff3f415a5097732f23ad\",\"name\":\"wolfbiz\"},{\"@type\":\"ImageObject\",\"inLanguage\":\"sk-SK\",\"@id\":\"https:\\\/\\\/www.cultcaffe.at\\\/neues-jahr-neues-design\\\/#local-main-organization-logo\",\"url\":\"https:\\\/\\\/www.cultcaffe.at\\\/wp-content\\\/uploads\\\/2023\\\/11\\\/cultcaffe_logo_regular_dark-1.svg\",\"contentUrl\":\"https:\\\/\\\/www.cultcaffe.at\\\/wp-content\\\/uploads\\\/2023\\\/11\\\/cultcaffe_logo_regular_dark-1.svg\",\"width\":756,\"height\":474,\"caption\":\"CultCaff\u00e9 Kaffeer\u00f6sterei GmbH\"}]}<\/script>\n<!-- \/ Yoast SEO plugin. -->","yoast_head_json":{"title":"Espresso pre milovn\u00edkov k\u00e1vy Vydanie 01\/24 - CultCaff\u00e9 - pra\u017eiare\u0148 organickej k\u00e1vy","robots":{"index":"index","follow":"follow","max-snippet":"max-snippet:-1","max-image-preview":"max-image-preview:large","max-video-preview":"max-video-preview:-1"},"canonical":"https:\/\/www.cultcaffe.at\/sk\/novy-rok-novy-dizajn\/","og_locale":"sk_SK","og_type":"article","og_title":"Espresso for Coffee Lovers Ausgabe 01\/24 - CultCaff\u00e9 - die Bio Kaffee R\u00f6sterei","og_description":"Neues Jahr &#8211; neues Design Seit unserem letzten Relaunch sind fast 10 Jahre vergangen und es war wieder Zeit f\u00fcr eine Modernisierung. Unser Markenauftritt sollte eine neue Bildsprache bekommen, sowie heller und frischer wirken. Eine stilvolle, \u00e4sthetische Betrachtungsweise mit einem Retro-Touch werden wir Schritt f\u00fcr Schritt im Jahr 2024 umsetzen. Auch neue Tassen in reduziertem [&hellip;]","og_url":"https:\/\/www.cultcaffe.at\/sk\/novy-rok-novy-dizajn\/","og_site_name":"CultCaff\u00e9 - die Bio Kaffee R\u00f6sterei","article_publisher":"https:\/\/www.facebook.com\/p\/Cult-Caff%c3%a8-die-R%c3%b6sterei-100039719724703\/?locale=de_DE","article_published_time":"2024-02-23T07:47:23+00:00","article_modified_time":"2025-05-07T07:34:18+00:00","og_image":[{"width":2560,"height":1707,"url":"https:\/\/www.cultcaffe.at\/wp-content\/uploads\/2024\/02\/CultCaffe\u00a9nimozimmerhackl_MGL8924-scaled.jpg","type":"image\/jpeg"}],"author":"wolfbiz","twitter_card":"summary_large_image","twitter_misc":{"Autor":"wolfbiz","Predpokladan\u00fd \u010das \u010d\u00edtania":"3 min\u00faty"},"schema":{"@context":"https:\/\/schema.org","@graph":[{"@type":"Article","@id":"https:\/\/www.cultcaffe.at\/neues-jahr-neues-design\/#article","isPartOf":{"@id":"https:\/\/www.cultcaffe.at\/neues-jahr-neues-design\/"},"author":{"name":"wolfbiz","@id":"https:\/\/www.cultcaffe.at\/#\/schema\/person\/c8959a880633ff3f415a5097732f23ad"},"headline":"Espresso for Coffee Lovers Ausgabe 01\/24","datePublished":"2024-02-23T07:47:23+00:00","dateModified":"2025-05-07T07:34:18+00:00","mainEntityOfPage":{"@id":"https:\/\/www.cultcaffe.at\/neues-jahr-neues-design\/"},"wordCount":367,"publisher":{"@id":"https:\/\/www.cultcaffe.at\/#organization"},"image":{"@id":"https:\/\/www.cultcaffe.at\/neues-jahr-neues-design\/#primaryimage"},"thumbnailUrl":"https:\/\/www.cultcaffe.at\/wp-content\/uploads\/2024\/02\/CultCaffe\u00a9nimozimmerhackl_MGL8924-scaled.jpg","articleSection":["Allgemein"],"inLanguage":"sk-SK"},{"@type":"WebPage","@id":"https:\/\/www.cultcaffe.at\/neues-jahr-neues-design\/","url":"https:\/\/www.cultcaffe.at\/neues-jahr-neues-design\/","name":"Espresso pre milovn\u00edkov k\u00e1vy Vydanie 01\/24 - CultCaff\u00e9 - pra\u017eiare\u0148 organickej k\u00e1vy","isPartOf":{"@id":"https:\/\/www.cultcaffe.at\/#website"},"primaryImageOfPage":{"@id":"https:\/\/www.cultcaffe.at\/neues-jahr-neues-design\/#primaryimage"},"image":{"@id":"https:\/\/www.cultcaffe.at\/neues-jahr-neues-design\/#primaryimage"},"thumbnailUrl":"https:\/\/www.cultcaffe.at\/wp-content\/uploads\/2024\/02\/CultCaffe\u00a9nimozimmerhackl_MGL8924-scaled.jpg","datePublished":"2024-02-23T07:47:23+00:00","dateModified":"2025-05-07T07:34:18+00:00","breadcrumb":{"@id":"https:\/\/www.cultcaffe.at\/neues-jahr-neues-design\/#breadcrumb"},"inLanguage":"sk-SK","potentialAction":[{"@type":"ReadAction","target":["https:\/\/www.cultcaffe.at\/neues-jahr-neues-design\/"]}]},{"@type":"ImageObject","inLanguage":"sk-SK","@id":"https:\/\/www.cultcaffe.at\/neues-jahr-neues-design\/#primaryimage","url":"https:\/\/www.cultcaffe.at\/wp-content\/uploads\/2024\/02\/CultCaffe\u00a9nimozimmerhackl_MGL8924-scaled.jpg","contentUrl":"https:\/\/www.cultcaffe.at\/wp-content\/uploads\/2024\/02\/CultCaffe\u00a9nimozimmerhackl_MGL8924-scaled.jpg","width":2560,"height":1707},{"@type":"BreadcrumbList","@id":"https:\/\/www.cultcaffe.at\/neues-jahr-neues-design\/#breadcrumb","itemListElement":[{"@type":"ListItem","position":1,"name":"Startseite","item":"https:\/\/www.cultcaffe.at\/"},{"@type":"ListItem","position":2,"name":"Espresso for Coffee Lovers Ausgabe 01\/24"}]},{"@type":"WebSite","@id":"https:\/\/www.cultcaffe.at\/#website","url":"https:\/\/www.cultcaffe.at\/","name":"CultCaff\u00e9 - pra\u017eiare\u0148 organickej k\u00e1vy","description":"L\u00e1ska ku k\u00e1ve","publisher":{"@id":"https:\/\/www.cultcaffe.at\/#organization"},"potentialAction":[{"@type":"SearchAction","target":{"@type":"EntryPoint","urlTemplate":"https:\/\/www.cultcaffe.at\/?s={search_term_string}"},"query-input":{"@type":"PropertyValueSpecification","valueRequired":true,"valueName":"search_term_string"}}],"inLanguage":"sk-SK"},{"@type":["Organization","Place"],"@id":"https:\/\/www.cultcaffe.at\/#organization","name":"CultCaff\u00e9 Coffee Roastery GmbH","alternateName":"CultCaff\u00e9","url":"https:\/\/www.cultcaffe.at\/","logo":{"@id":"https:\/\/www.cultcaffe.at\/neues-jahr-neues-design\/#local-main-organization-logo"},"image":{"@id":"https:\/\/www.cultcaffe.at\/neues-jahr-neues-design\/#local-main-organization-logo"},"sameAs":["https:\/\/www.facebook.com\/p\/Cult-Caff\u00e8-die-R\u00f6sterei-100039719724703\/?locale=de_DE","https:\/\/www.instagram.com\/cultcaffe.at\/"],"hasMerchantReturnPolicy":{"@type":"MerchantReturnPolicy","merchantReturnLink":"https:\/\/www.cultcaffe.at\/sk\/agbs\/"},"telephone":[],"openingHoursSpecification":[{"@type":"OpeningHoursSpecification","dayOfWeek":["Monday","Tuesday","Wednesday","Thursday","Friday","Saturday","Sunday"],"opens":"09:00","closes":"17:00"}]},{"@type":"Person","@id":"https:\/\/www.cultcaffe.at\/#\/schema\/person\/c8959a880633ff3f415a5097732f23ad","name":"wolfbiz"},{"@type":"ImageObject","inLanguage":"sk-SK","@id":"https:\/\/www.cultcaffe.at\/neues-jahr-neues-design\/#local-main-organization-logo","url":"https:\/\/www.cultcaffe.at\/wp-content\/uploads\/2023\/11\/cultcaffe_logo_regular_dark-1.svg","contentUrl":"https:\/\/www.cultcaffe.at\/wp-content\/uploads\/2023\/11\/cultcaffe_logo_regular_dark-1.svg","width":756,"height":474,"caption":"CultCaff\u00e9 Kaffeer\u00f6sterei GmbH"}]}},"_links":{"self":[{"href":"https:\/\/www.cultcaffe.at\/sk\/wp-json\/wp\/v2\/posts\/15021","targetHints":{"allow":["GET"]}}],"collection":[{"href":"https:\/\/www.cultcaffe.at\/sk\/wp-json\/wp\/v2\/posts"}],"about":[{"href":"https:\/\/www.cultcaffe.at\/sk\/wp-json\/wp\/v2\/types\/post"}],"author":[{"embeddable":true,"href":"https:\/\/www.cultcaffe.at\/sk\/wp-json\/wp\/v2\/users\/6"}],"replies":[{"embeddable":true,"href":"https:\/\/www.cultcaffe.at\/sk\/wp-json\/wp\/v2\/comments?post=15021"}],"version-history":[{"count":16,"href":"https:\/\/www.cultcaffe.at\/sk\/wp-json\/wp\/v2\/posts\/15021\/revisions"}],"predecessor-version":[{"id":18416,"href":"https:\/\/www.cultcaffe.at\/sk\/wp-json\/wp\/v2\/posts\/15021\/revisions\/18416"}],"wp:featuredmedia":[{"embeddable":true,"href":"https:\/\/www.cultcaffe.at\/sk\/wp-json\/wp\/v2\/media\/15039"}],"wp:attachment":[{"href":"https:\/\/www.cultcaffe.at\/sk\/wp-json\/wp\/v2\/media?parent=15021"}],"wp:term":[{"taxonomy":"category","embeddable":true,"href":"https:\/\/www.cultcaffe.at\/sk\/wp-json\/wp\/v2\/categories?post=15021"},{"taxonomy":"post_tag","embeddable":true,"href":"https:\/\/www.cultcaffe.at\/sk\/wp-json\/wp\/v2\/tags?post=15021"}],"curies":[{"name":"pracovn\u00fd list","href":"https:\/\/api.w.org\/{rel}","templated":true}]}}