{"id":15021,"date":"2024-02-23T08:47:23","date_gmt":"2024-02-23T07:47:23","guid":{"rendered":"https:\/\/www.cultcaffe.at\/?p=15021"},"modified":"2025-05-07T09:34:18","modified_gmt":"2025-05-07T07:34:18","slug":"nowy-rok-nowy-projekt","status":"publish","type":"post","link":"https:\/\/www.cultcaffe.at\/pl\/neues-jahr-neues-design\/","title":{"rendered":"Espresso dla mi\u0142o\u015bnik\u00f3w kawy Numer 01\/24"},"content":{"rendered":"<div data-elementor-type=\"wp-post\" data-elementor-id=\"15021\" class=\"elementor elementor-15021\" data-elementor-post-type=\"post\">\n\t\t\t\t<div class=\"elementor-element elementor-element-410e972 e-flex e-con-boxed e-con e-parent\" data-id=\"410e972\" data-element_type=\"container\" data-e-type=\"container\">\n\t\t\t\t\t<div class=\"e-con-inner\">\n\t\t<div class=\"elementor-element elementor-element-c879fd6 e-con-full e-flex e-con e-child\" data-id=\"c879fd6\" data-element_type=\"container\" data-e-type=\"container\">\n\t\t\t\t<div class=\"elementor-element elementor-element-20dc8ff2 elementor-widget elementor-widget-text-editor\" data-id=\"20dc8ff2\" data-element_type=\"widget\" data-e-type=\"widget\" data-widget_type=\"text-editor.default\">\n\t\t\t\t<div class=\"elementor-widget-container\">\n\t\t\t\t\t\t\t\t\t<h2>Nowy rok \u2013 nowy design<\/h2><p>Min\u0119\u0142o prawie 10 lat od naszego ostatniego reaktywowania i nadszed\u0142 czas na kolejn\u0105 modernizacj\u0119. Identyfikacja wizualna naszej marki powinna by\u0107 ja\u015bniejsza i \u015bwie\u017csza.<\/p><p>W 2024 roku b\u0119dziemy stopniowo wprowadza\u0107 stylowe, estetyczne podej\u015bcie z nut\u0105 retro.<\/p><p>Nowe kubki o stonowanym wzornictwie i pi\u0119knych kolorach zachwyc\u0105 r\u00f3wnie\u017c Twoich go\u015bci.<\/p>\t\t\t\t\t\t\t\t<\/div>\n\t\t\t\t<\/div>\n\t\t\t\t<\/div>\n\t\t<div class=\"elementor-element elementor-element-642bb3d e-con-full e-flex e-con e-child\" data-id=\"642bb3d\" data-element_type=\"container\" data-e-type=\"container\">\n\t\t\t\t<div class=\"elementor-element elementor-element-c1884e1 elementor-widget elementor-widget-image\" data-id=\"c1884e1\" data-element_type=\"widget\" data-e-type=\"widget\" data-widget_type=\"image.default\">\n\t\t\t\t<div class=\"elementor-widget-container\">\n\t\t\t\t\t\t\t\t\t\t\t\t\t\t\t<img fetchpriority=\"high\" decoding=\"async\" width=\"800\" height=\"803\" src=\"https:\/\/www.cultcaffe.at\/wp-content\/uploads\/2024\/02\/impressionen-neues-design.jpg\" class=\"attachment-large size-large wp-image-18352\" alt=\"\" srcset=\"https:\/\/www.cultcaffe.at\/wp-content\/uploads\/2024\/02\/impressionen-neues-design.jpg 817w, https:\/\/www.cultcaffe.at\/wp-content\/uploads\/2024\/02\/impressionen-neues-design-100x100.jpg 100w, https:\/\/www.cultcaffe.at\/wp-content\/uploads\/2024\/02\/impressionen-neues-design-600x602.jpg 600w, https:\/\/www.cultcaffe.at\/wp-content\/uploads\/2024\/02\/impressionen-neues-design-300x300.jpg 300w, https:\/\/www.cultcaffe.at\/wp-content\/uploads\/2024\/02\/impressionen-neues-design-150x150.jpg 150w, https:\/\/www.cultcaffe.at\/wp-content\/uploads\/2024\/02\/impressionen-neues-design-768x771.jpg 768w, https:\/\/www.cultcaffe.at\/wp-content\/uploads\/2024\/02\/impressionen-neues-design-12x12.jpg 12w\" sizes=\"(max-width: 800px) 100vw, 800px\" \/>\t\t\t\t\t\t\t\t\t\t\t\t\t\t\t<\/div>\n\t\t\t\t<\/div>\n\t\t\t\t<\/div>\n\t\t\t\t\t<\/div>\n\t\t\t\t<\/div>\n\t\t<div class=\"elementor-element elementor-element-736ce5c e-flex e-con-boxed e-con e-parent\" data-id=\"736ce5c\" data-element_type=\"container\" data-e-type=\"container\">\n\t\t\t\t\t<div class=\"e-con-inner\">\n\t\t<div class=\"elementor-element elementor-element-e89dc5e e-con-full e-flex e-con e-child\" data-id=\"e89dc5e\" data-element_type=\"container\" data-e-type=\"container\">\n\t\t\t\t<div class=\"elementor-element elementor-element-3fd626a elementor-widget elementor-widget-text-editor\" data-id=\"3fd626a\" data-element_type=\"widget\" data-e-type=\"widget\" data-widget_type=\"text-editor.default\">\n\t\t\t\t<div class=\"elementor-widget-container\">\n\t\t\t\t\t\t\t\t\t<h2>Kontrola uszczelnienia<\/h2><p>Asortyment produkt\u00f3w ze znakami jako\u015bci i nagrodami za zr\u00f3wnowa\u017cony rozw\u00f3j stale si\u0119 powi\u0119ksza.<\/p><p>\u201eEko\u201d, \u201eorganiczny\u201d lub \u201eFAIR\u201d obiecuj\u0105 czyste sumienie podczas konsumpcji. Nasze zaanga\u017cowanie w sprawiedliwy handel jest niepodwa\u017calne, poniewa\u017c \u015bwiadczy o naszej wiarygodno\u015bci.<\/p><p>Uczciwo\u015b\u0107, uczciwe ceny i szacunek s\u0105 podstaw\u0105 naszej wsp\u00f3\u0142pracy z plantatorami i do\u015bwiadczonymi sprzedawcami zielonej kawy.<\/p><p>Wiemy, \u017ce najwy\u017csza jako\u015b\u0107 ma swoj\u0105 cen\u0119, dlatego p\u0142acimy ceny wy\u017csze od rynkowych. W ten spos\u00f3b przyczyniamy si\u0119 do rozwoju naszych partner\u00f3w, kt\u00f3rzy powinni m\u00f3c godziwie zarabia\u0107 na swoj\u0105 prac\u0119.<\/p><p>Nie s\u0105 do tego potrzebne du\u017ce organizacje z nadmiern\u0105 biurokracj\u0105 i administracj\u0105. Dzi\u0119ki projektom takim jak Feminina z Peru i Orang Utan (<a href=\"https:\/\/www.cultcaffe.at\/pl\/kawa\/projekt-orangutanow\/\">Projekt Orangutan Coffee<\/a>) z Indonezji bierzemy t\u0119 filozofi\u0119 pod uwag\u0119.<\/p><p>Nasze wizyty na plantacjach kawy i liczne rozmowy z rolnikami, innymi palaczami kawy i sprzedawcami zielonej kawy potwierdzaj\u0105, \u017ce mo\u017cliwa jest przejrzysta i identyfikowalna praca bez certyfikatu. Z tego powodu, po sze\u015bciu latach, podj\u0119li\u015bmy decyzj\u0119 o rozwi\u0105zaniu umowy z organizacj\u0105 Fairtrade.<\/p><p>Nie ma potrzeby istnienia ogromnych, rozd\u0119tych, kosztownych i nastawionych na zysk organizacji zarz\u0105dzaj\u0105cych, takich jak Fairtrade, kt\u00f3re zajmuj\u0105 si\u0119 bilansowaniem masy w systemie.<\/p><p>Nadal dbamy o certyfikacj\u0119 ekologiczn\u0105 i mamy w ofercie dwie wspania\u0142e mieszanki organiczne.<\/p><p>Cult Caff\u00e8 niezmiennie stawia na najwy\u017csz\u0105 jako\u015b\u0107 i partnerstwo na r\u00f3wnych zasadach.<\/p><p>\u00a0<\/p>\t\t\t\t\t\t\t\t<\/div>\n\t\t\t\t<\/div>\n\t\t\t\t<\/div>\n\t\t\t\t\t<\/div>\n\t\t\t\t<\/div>\n\t\t<div class=\"elementor-element elementor-element-e684fdc e-flex e-con-boxed e-con e-parent\" data-id=\"e684fdc\" data-element_type=\"container\" data-e-type=\"container\">\n\t\t\t\t\t<div class=\"e-con-inner\">\n\t\t<div class=\"elementor-element elementor-element-e362d0f e-con-full e-flex e-con e-child\" data-id=\"e362d0f\" data-element_type=\"container\" data-e-type=\"container\">\n\t\t\t\t<div class=\"elementor-element elementor-element-736dd9e elementor-widget elementor-widget-text-editor\" data-id=\"736dd9e\" data-element_type=\"widget\" data-e-type=\"widget\" data-widget_type=\"text-editor.default\">\n\t\t\t\t<div class=\"elementor-widget-container\">\n\t\t\t\t\t\t\t\t\t<h2>Legenda opuszcza teren CultCaff\u00e9\u2026<\/h2><p>Nasz drogi kolega Manfred Sandler, cz\u0142onek zespo\u0142u Cult Caff\u00e8 od 2015 r., z mieszanymi uczuciami przeszed\u0142 na zas\u0142u\u017con\u0105 emerytur\u0119.<\/p><p>DZI\u0118KUJEMY Ci drogi Manfredzie za Twoje zaanga\u017cowanie, poczucie humoru, pyszne wypieki i kunszt, kt\u00f3ry niejednokrotnie by\u0142 dla nas wielk\u0105 pomoc\u0105!<\/p><p>Wielu wspania\u0142ych godzin wolnego czasu z rodzin\u0105 i rado\u015bci z realizowania swoich pasji,<\/p><p>Silvia i Walter<br \/>Petra i Tobiasz<br \/>Barbara, Manuela, Sandra<\/p>\t\t\t\t\t\t\t\t<\/div>\n\t\t\t\t<\/div>\n\t\t\t\t<\/div>\n\t\t<div class=\"elementor-element elementor-element-abb3055 e-con-full e-flex e-con e-child\" data-id=\"abb3055\" data-element_type=\"container\" data-e-type=\"container\">\n\t\t\t\t<div class=\"elementor-element elementor-element-f7fe5b0 elementor-widget elementor-widget-image\" data-id=\"f7fe5b0\" data-element_type=\"widget\" data-e-type=\"widget\" data-widget_type=\"image.default\">\n\t\t\t\t<div class=\"elementor-widget-container\">\n\t\t\t\t\t\t\t\t\t\t\t\t\t\t\t<img decoding=\"async\" width=\"439\" height=\"480\" src=\"https:\/\/www.cultcaffe.at\/wp-content\/uploads\/2024\/02\/manfred-1.jpg\" class=\"attachment-large size-large wp-image-18353\" alt=\"\" srcset=\"https:\/\/www.cultcaffe.at\/wp-content\/uploads\/2024\/02\/manfred-1.jpg 439w, https:\/\/www.cultcaffe.at\/wp-content\/uploads\/2024\/02\/manfred-1-274x300.jpg 274w, https:\/\/www.cultcaffe.at\/wp-content\/uploads\/2024\/02\/manfred-1-11x12.jpg 11w\" sizes=\"(max-width: 439px) 100vw, 439px\" \/>\t\t\t\t\t\t\t\t\t\t\t\t\t\t\t<\/div>\n\t\t\t\t<\/div>\n\t\t\t\t<\/div>\n\t\t\t\t\t<\/div>\n\t\t\t\t<\/div>\n\t\t\t\t<\/div>","protected":false},"excerpt":{"rendered":"<p>Neues Jahr &#8211; neues Design Seit unserem letzten Relaunch sind fast 10 Jahre vergangen und es war wieder Zeit f\u00fcr eine Modernisierung. Unser Markenauftritt sollte eine neue Bildsprache bekommen, sowie heller und frischer wirken. Eine stilvolle, \u00e4sthetische Betrachtungsweise mit einem Retro-Touch werden wir Schritt f\u00fcr Schritt im Jahr 2024 umsetzen. Auch neue Tassen in reduziertem [&hellip;]<\/p>\n","protected":false},"author":6,"featured_media":15039,"comment_status":"closed","ping_status":"closed","sticky":false,"template":"","format":"standard","meta":{"inline_featured_image":false,"footnotes":""},"categories":[1],"tags":[],"class_list":["post-15021","post","type-post","status-publish","format-standard","has-post-thumbnail","hentry","category-allgemein"],"yoast_head":"<!-- This site is optimized with the Yoast SEO plugin v27.5 - https:\/\/yoast.com\/product\/yoast-seo-wordpress\/ -->\n<title>Espresso for Coffee Lovers Ausgabe 01\/24 - CultCaff\u00e9 - die Bio Kaffee R\u00f6sterei<\/title>\n<meta name=\"robots\" content=\"index, follow, max-snippet:-1, max-image-preview:large, max-video-preview:-1\" \/>\n<link rel=\"canonical\" href=\"https:\/\/www.cultcaffe.at\/pl\/nowy-rok-nowy-projekt\/\" \/>\n<meta property=\"og:locale\" content=\"pl_PL\" \/>\n<meta property=\"og:type\" content=\"article\" \/>\n<meta property=\"og:title\" content=\"Espresso for Coffee Lovers Ausgabe 01\/24 - CultCaff\u00e9 - die Bio Kaffee R\u00f6sterei\" \/>\n<meta property=\"og:description\" content=\"Neues Jahr &#8211; neues Design Seit unserem letzten Relaunch sind fast 10 Jahre vergangen und es war wieder Zeit f\u00fcr eine Modernisierung. Unser Markenauftritt sollte eine neue Bildsprache bekommen, sowie heller und frischer wirken. Eine stilvolle, \u00e4sthetische Betrachtungsweise mit einem Retro-Touch werden wir Schritt f\u00fcr Schritt im Jahr 2024 umsetzen. Auch neue Tassen in reduziertem [&hellip;]\" \/>\n<meta property=\"og:url\" content=\"https:\/\/www.cultcaffe.at\/pl\/nowy-rok-nowy-projekt\/\" \/>\n<meta property=\"og:site_name\" content=\"CultCaff\u00e9 - die Bio Kaffee R\u00f6sterei\" \/>\n<meta property=\"article:publisher\" content=\"https:\/\/www.facebook.com\/p\/Cult-Caff%c3%a8-die-R%c3%b6sterei-100039719724703\/?locale=de_DE\" \/>\n<meta property=\"article:published_time\" content=\"2024-02-23T07:47:23+00:00\" \/>\n<meta property=\"article:modified_time\" content=\"2025-05-07T07:34:18+00:00\" \/>\n<meta property=\"og:image\" content=\"https:\/\/www.cultcaffe.at\/wp-content\/uploads\/2024\/02\/CultCaffe\u00a9nimozimmerhackl_MGL8924-scaled.jpg\" \/>\n\t<meta property=\"og:image:width\" content=\"2560\" \/>\n\t<meta property=\"og:image:height\" content=\"1707\" \/>\n\t<meta property=\"og:image:type\" content=\"image\/jpeg\" \/>\n<meta name=\"author\" content=\"wolfbiz\" \/>\n<meta name=\"twitter:card\" content=\"summary_large_image\" \/>\n<meta name=\"twitter:label1\" content=\"Napisane przez\" \/>\n\t<meta name=\"twitter:data1\" content=\"wolfbiz\" \/>\n\t<meta name=\"twitter:label2\" content=\"Szacowany czas czytania\" \/>\n\t<meta name=\"twitter:data2\" content=\"3 minuty\" \/>\n<script type=\"application\/ld+json\" class=\"yoast-schema-graph\">{\"@context\":\"https:\\\/\\\/schema.org\",\"@graph\":[{\"@type\":\"Article\",\"@id\":\"https:\\\/\\\/www.cultcaffe.at\\\/neues-jahr-neues-design\\\/#article\",\"isPartOf\":{\"@id\":\"https:\\\/\\\/www.cultcaffe.at\\\/neues-jahr-neues-design\\\/\"},\"author\":{\"name\":\"wolfbiz\",\"@id\":\"https:\\\/\\\/www.cultcaffe.at\\\/#\\\/schema\\\/person\\\/c8959a880633ff3f415a5097732f23ad\"},\"headline\":\"Espresso for Coffee Lovers Ausgabe 01\\\/24\",\"datePublished\":\"2024-02-23T07:47:23+00:00\",\"dateModified\":\"2025-05-07T07:34:18+00:00\",\"mainEntityOfPage\":{\"@id\":\"https:\\\/\\\/www.cultcaffe.at\\\/neues-jahr-neues-design\\\/\"},\"wordCount\":367,\"publisher\":{\"@id\":\"https:\\\/\\\/www.cultcaffe.at\\\/#organization\"},\"image\":{\"@id\":\"https:\\\/\\\/www.cultcaffe.at\\\/neues-jahr-neues-design\\\/#primaryimage\"},\"thumbnailUrl\":\"https:\\\/\\\/www.cultcaffe.at\\\/wp-content\\\/uploads\\\/2024\\\/02\\\/CultCaffe\u00a9nimozimmerhackl_MGL8924-scaled.jpg\",\"articleSection\":[\"Allgemein\"],\"inLanguage\":\"pl-PL\"},{\"@type\":\"WebPage\",\"@id\":\"https:\\\/\\\/www.cultcaffe.at\\\/neues-jahr-neues-design\\\/\",\"url\":\"https:\\\/\\\/www.cultcaffe.at\\\/neues-jahr-neues-design\\\/\",\"name\":\"Espresso for Coffee Lovers Ausgabe 01\\\/24 - CultCaff\u00e9 - die Bio Kaffee R\u00f6sterei\",\"isPartOf\":{\"@id\":\"https:\\\/\\\/www.cultcaffe.at\\\/#website\"},\"primaryImageOfPage\":{\"@id\":\"https:\\\/\\\/www.cultcaffe.at\\\/neues-jahr-neues-design\\\/#primaryimage\"},\"image\":{\"@id\":\"https:\\\/\\\/www.cultcaffe.at\\\/neues-jahr-neues-design\\\/#primaryimage\"},\"thumbnailUrl\":\"https:\\\/\\\/www.cultcaffe.at\\\/wp-content\\\/uploads\\\/2024\\\/02\\\/CultCaffe\u00a9nimozimmerhackl_MGL8924-scaled.jpg\",\"datePublished\":\"2024-02-23T07:47:23+00:00\",\"dateModified\":\"2025-05-07T07:34:18+00:00\",\"breadcrumb\":{\"@id\":\"https:\\\/\\\/www.cultcaffe.at\\\/neues-jahr-neues-design\\\/#breadcrumb\"},\"inLanguage\":\"pl-PL\",\"potentialAction\":[{\"@type\":\"ReadAction\",\"target\":[\"https:\\\/\\\/www.cultcaffe.at\\\/neues-jahr-neues-design\\\/\"]}]},{\"@type\":\"ImageObject\",\"inLanguage\":\"pl-PL\",\"@id\":\"https:\\\/\\\/www.cultcaffe.at\\\/neues-jahr-neues-design\\\/#primaryimage\",\"url\":\"https:\\\/\\\/www.cultcaffe.at\\\/wp-content\\\/uploads\\\/2024\\\/02\\\/CultCaffe\u00a9nimozimmerhackl_MGL8924-scaled.jpg\",\"contentUrl\":\"https:\\\/\\\/www.cultcaffe.at\\\/wp-content\\\/uploads\\\/2024\\\/02\\\/CultCaffe\u00a9nimozimmerhackl_MGL8924-scaled.jpg\",\"width\":2560,\"height\":1707},{\"@type\":\"BreadcrumbList\",\"@id\":\"https:\\\/\\\/www.cultcaffe.at\\\/neues-jahr-neues-design\\\/#breadcrumb\",\"itemListElement\":[{\"@type\":\"ListItem\",\"position\":1,\"name\":\"Startseite\",\"item\":\"https:\\\/\\\/www.cultcaffe.at\\\/\"},{\"@type\":\"ListItem\",\"position\":2,\"name\":\"Espresso for Coffee Lovers Ausgabe 01\\\/24\"}]},{\"@type\":\"WebSite\",\"@id\":\"https:\\\/\\\/www.cultcaffe.at\\\/#website\",\"url\":\"https:\\\/\\\/www.cultcaffe.at\\\/\",\"name\":\"CultCaff\u00e9 - die Bio Kaffee R\u00f6sterei\",\"description\":\"Liebe zum Kaffee\",\"publisher\":{\"@id\":\"https:\\\/\\\/www.cultcaffe.at\\\/#organization\"},\"potentialAction\":[{\"@type\":\"SearchAction\",\"target\":{\"@type\":\"EntryPoint\",\"urlTemplate\":\"https:\\\/\\\/www.cultcaffe.at\\\/?s={search_term_string}\"},\"query-input\":{\"@type\":\"PropertyValueSpecification\",\"valueRequired\":true,\"valueName\":\"search_term_string\"}}],\"inLanguage\":\"pl-PL\"},{\"@type\":[\"Organization\",\"Place\"],\"@id\":\"https:\\\/\\\/www.cultcaffe.at\\\/#organization\",\"name\":\"CultCaff\u00e9 Kaffeer\u00f6sterei GmbH\",\"alternateName\":\"CultCaff\u00e9\",\"url\":\"https:\\\/\\\/www.cultcaffe.at\\\/\",\"logo\":{\"@id\":\"https:\\\/\\\/www.cultcaffe.at\\\/neues-jahr-neues-design\\\/#local-main-organization-logo\"},\"image\":{\"@id\":\"https:\\\/\\\/www.cultcaffe.at\\\/neues-jahr-neues-design\\\/#local-main-organization-logo\"},\"sameAs\":[\"https:\\\/\\\/www.facebook.com\\\/p\\\/Cult-Caff\u00e8-die-R\u00f6sterei-100039719724703\\\/?locale=de_DE\",\"https:\\\/\\\/www.instagram.com\\\/cultcaffe.at\\\/\"],\"hasMerchantReturnPolicy\":{\"@type\":\"MerchantReturnPolicy\",\"merchantReturnLink\":\"https:\\\/\\\/www.cultcaffe.at\\\/pl\\\/agbs\\\/\"},\"telephone\":[],\"openingHoursSpecification\":[{\"@type\":\"OpeningHoursSpecification\",\"dayOfWeek\":[\"Monday\",\"Tuesday\",\"Wednesday\",\"Thursday\",\"Friday\",\"Saturday\",\"Sunday\"],\"opens\":\"09:00\",\"closes\":\"17:00\"}]},{\"@type\":\"Person\",\"@id\":\"https:\\\/\\\/www.cultcaffe.at\\\/#\\\/schema\\\/person\\\/c8959a880633ff3f415a5097732f23ad\",\"name\":\"wolfbiz\"},{\"@type\":\"ImageObject\",\"inLanguage\":\"pl-PL\",\"@id\":\"https:\\\/\\\/www.cultcaffe.at\\\/neues-jahr-neues-design\\\/#local-main-organization-logo\",\"url\":\"https:\\\/\\\/www.cultcaffe.at\\\/wp-content\\\/uploads\\\/2023\\\/11\\\/cultcaffe_logo_regular_dark-1.svg\",\"contentUrl\":\"https:\\\/\\\/www.cultcaffe.at\\\/wp-content\\\/uploads\\\/2023\\\/11\\\/cultcaffe_logo_regular_dark-1.svg\",\"width\":756,\"height\":474,\"caption\":\"CultCaff\u00e9 Kaffeer\u00f6sterei GmbH\"}]}<\/script>\n<!-- \/ Yoast SEO plugin. -->","yoast_head_json":{"title":"Espresso dla mi\u0142o\u015bnik\u00f3w kawy Numer 01\/24 - CultCaff\u00e9 - organiczna palarnia kawy","robots":{"index":"index","follow":"follow","max-snippet":"max-snippet:-1","max-image-preview":"max-image-preview:large","max-video-preview":"max-video-preview:-1"},"canonical":"https:\/\/www.cultcaffe.at\/pl\/nowy-rok-nowy-projekt\/","og_locale":"pl_PL","og_type":"article","og_title":"Espresso for Coffee Lovers Ausgabe 01\/24 - CultCaff\u00e9 - die Bio Kaffee R\u00f6sterei","og_description":"Neues Jahr &#8211; neues Design Seit unserem letzten Relaunch sind fast 10 Jahre vergangen und es war wieder Zeit f\u00fcr eine Modernisierung. Unser Markenauftritt sollte eine neue Bildsprache bekommen, sowie heller und frischer wirken. Eine stilvolle, \u00e4sthetische Betrachtungsweise mit einem Retro-Touch werden wir Schritt f\u00fcr Schritt im Jahr 2024 umsetzen. Auch neue Tassen in reduziertem [&hellip;]","og_url":"https:\/\/www.cultcaffe.at\/pl\/nowy-rok-nowy-projekt\/","og_site_name":"CultCaff\u00e9 - die Bio Kaffee R\u00f6sterei","article_publisher":"https:\/\/www.facebook.com\/p\/Cult-Caff%c3%a8-die-R%c3%b6sterei-100039719724703\/?locale=de_DE","article_published_time":"2024-02-23T07:47:23+00:00","article_modified_time":"2025-05-07T07:34:18+00:00","og_image":[{"width":2560,"height":1707,"url":"https:\/\/www.cultcaffe.at\/wp-content\/uploads\/2024\/02\/CultCaffe\u00a9nimozimmerhackl_MGL8924-scaled.jpg","type":"image\/jpeg"}],"author":"wolfbiz","twitter_card":"summary_large_image","twitter_misc":{"Napisane przez":"wolfbiz","Szacowany czas czytania":"3 minuty"},"schema":{"@context":"https:\/\/schema.org","@graph":[{"@type":"Article","@id":"https:\/\/www.cultcaffe.at\/neues-jahr-neues-design\/#article","isPartOf":{"@id":"https:\/\/www.cultcaffe.at\/neues-jahr-neues-design\/"},"author":{"name":"wolfbiz","@id":"https:\/\/www.cultcaffe.at\/#\/schema\/person\/c8959a880633ff3f415a5097732f23ad"},"headline":"Espresso for Coffee Lovers Ausgabe 01\/24","datePublished":"2024-02-23T07:47:23+00:00","dateModified":"2025-05-07T07:34:18+00:00","mainEntityOfPage":{"@id":"https:\/\/www.cultcaffe.at\/neues-jahr-neues-design\/"},"wordCount":367,"publisher":{"@id":"https:\/\/www.cultcaffe.at\/#organization"},"image":{"@id":"https:\/\/www.cultcaffe.at\/neues-jahr-neues-design\/#primaryimage"},"thumbnailUrl":"https:\/\/www.cultcaffe.at\/wp-content\/uploads\/2024\/02\/CultCaffe\u00a9nimozimmerhackl_MGL8924-scaled.jpg","articleSection":["Allgemein"],"inLanguage":"pl-PL"},{"@type":"WebPage","@id":"https:\/\/www.cultcaffe.at\/neues-jahr-neues-design\/","url":"https:\/\/www.cultcaffe.at\/neues-jahr-neues-design\/","name":"Espresso dla mi\u0142o\u015bnik\u00f3w kawy Numer 01\/24 - CultCaff\u00e9 - organiczna palarnia kawy","isPartOf":{"@id":"https:\/\/www.cultcaffe.at\/#website"},"primaryImageOfPage":{"@id":"https:\/\/www.cultcaffe.at\/neues-jahr-neues-design\/#primaryimage"},"image":{"@id":"https:\/\/www.cultcaffe.at\/neues-jahr-neues-design\/#primaryimage"},"thumbnailUrl":"https:\/\/www.cultcaffe.at\/wp-content\/uploads\/2024\/02\/CultCaffe\u00a9nimozimmerhackl_MGL8924-scaled.jpg","datePublished":"2024-02-23T07:47:23+00:00","dateModified":"2025-05-07T07:34:18+00:00","breadcrumb":{"@id":"https:\/\/www.cultcaffe.at\/neues-jahr-neues-design\/#breadcrumb"},"inLanguage":"pl-PL","potentialAction":[{"@type":"ReadAction","target":["https:\/\/www.cultcaffe.at\/neues-jahr-neues-design\/"]}]},{"@type":"ImageObject","inLanguage":"pl-PL","@id":"https:\/\/www.cultcaffe.at\/neues-jahr-neues-design\/#primaryimage","url":"https:\/\/www.cultcaffe.at\/wp-content\/uploads\/2024\/02\/CultCaffe\u00a9nimozimmerhackl_MGL8924-scaled.jpg","contentUrl":"https:\/\/www.cultcaffe.at\/wp-content\/uploads\/2024\/02\/CultCaffe\u00a9nimozimmerhackl_MGL8924-scaled.jpg","width":2560,"height":1707},{"@type":"BreadcrumbList","@id":"https:\/\/www.cultcaffe.at\/neues-jahr-neues-design\/#breadcrumb","itemListElement":[{"@type":"ListItem","position":1,"name":"Startseite","item":"https:\/\/www.cultcaffe.at\/"},{"@type":"ListItem","position":2,"name":"Espresso for Coffee Lovers Ausgabe 01\/24"}]},{"@type":"WebSite","@id":"https:\/\/www.cultcaffe.at\/#website","url":"https:\/\/www.cultcaffe.at\/","name":"CultCaff\u00e9 \u2013 organiczna palarnia kawy","description":"Mi\u0142o\u015b\u0107 do kawy","publisher":{"@id":"https:\/\/www.cultcaffe.at\/#organization"},"potentialAction":[{"@type":"SearchAction","target":{"@type":"EntryPoint","urlTemplate":"https:\/\/www.cultcaffe.at\/?s={search_term_string}"},"query-input":{"@type":"PropertyValueSpecification","valueRequired":true,"valueName":"search_term_string"}}],"inLanguage":"pl-PL"},{"@type":["Organization","Place"],"@id":"https:\/\/www.cultcaffe.at\/#organization","name":"CultCaff\u00e9 Coffee Roastery GmbH","alternateName":"CultCaff\u00e9","url":"https:\/\/www.cultcaffe.at\/","logo":{"@id":"https:\/\/www.cultcaffe.at\/neues-jahr-neues-design\/#local-main-organization-logo"},"image":{"@id":"https:\/\/www.cultcaffe.at\/neues-jahr-neues-design\/#local-main-organization-logo"},"sameAs":["https:\/\/www.facebook.com\/p\/Cult-Caff\u00e8-die-R\u00f6sterei-100039719724703\/?locale=de_DE","https:\/\/www.instagram.com\/cultcaffe.at\/"],"hasMerchantReturnPolicy":{"@type":"MerchantReturnPolicy","merchantReturnLink":"https:\/\/www.cultcaffe.at\/pl\/agbs\/"},"telephone":[],"openingHoursSpecification":[{"@type":"OpeningHoursSpecification","dayOfWeek":["Monday","Tuesday","Wednesday","Thursday","Friday","Saturday","Sunday"],"opens":"09:00","closes":"17:00"}]},{"@type":"Person","@id":"https:\/\/www.cultcaffe.at\/#\/schema\/person\/c8959a880633ff3f415a5097732f23ad","name":"wilczy biznes"},{"@type":"ImageObject","inLanguage":"pl-PL","@id":"https:\/\/www.cultcaffe.at\/neues-jahr-neues-design\/#local-main-organization-logo","url":"https:\/\/www.cultcaffe.at\/wp-content\/uploads\/2023\/11\/cultcaffe_logo_regular_dark-1.svg","contentUrl":"https:\/\/www.cultcaffe.at\/wp-content\/uploads\/2023\/11\/cultcaffe_logo_regular_dark-1.svg","width":756,"height":474,"caption":"CultCaff\u00e9 Kaffeer\u00f6sterei GmbH"}]}},"_links":{"self":[{"href":"https:\/\/www.cultcaffe.at\/pl\/wp-json\/wp\/v2\/posts\/15021","targetHints":{"allow":["GET"]}}],"collection":[{"href":"https:\/\/www.cultcaffe.at\/pl\/wp-json\/wp\/v2\/posts"}],"about":[{"href":"https:\/\/www.cultcaffe.at\/pl\/wp-json\/wp\/v2\/types\/post"}],"author":[{"embeddable":true,"href":"https:\/\/www.cultcaffe.at\/pl\/wp-json\/wp\/v2\/users\/6"}],"replies":[{"embeddable":true,"href":"https:\/\/www.cultcaffe.at\/pl\/wp-json\/wp\/v2\/comments?post=15021"}],"version-history":[{"count":16,"href":"https:\/\/www.cultcaffe.at\/pl\/wp-json\/wp\/v2\/posts\/15021\/revisions"}],"predecessor-version":[{"id":18416,"href":"https:\/\/www.cultcaffe.at\/pl\/wp-json\/wp\/v2\/posts\/15021\/revisions\/18416"}],"wp:featuredmedia":[{"embeddable":true,"href":"https:\/\/www.cultcaffe.at\/pl\/wp-json\/wp\/v2\/media\/15039"}],"wp:attachment":[{"href":"https:\/\/www.cultcaffe.at\/pl\/wp-json\/wp\/v2\/media?parent=15021"}],"wp:term":[{"taxonomy":"category","embeddable":true,"href":"https:\/\/www.cultcaffe.at\/pl\/wp-json\/wp\/v2\/categories?post=15021"},{"taxonomy":"post_tag","embeddable":true,"href":"https:\/\/www.cultcaffe.at\/pl\/wp-json\/wp\/v2\/tags?post=15021"}],"curies":[{"name":"wp","href":"https:\/\/api.w.org\/{rel}","templated":true}]}}