{"id":15021,"date":"2024-02-23T08:47:23","date_gmt":"2024-02-23T07:47:23","guid":{"rendered":"https:\/\/www.cultcaffe.at\/?p=15021"},"modified":"2025-05-07T09:34:18","modified_gmt":"2025-05-07T07:34:18","slug":"ano-nuevo-diseno-nuevo","status":"publish","type":"post","link":"https:\/\/www.cultcaffe.at\/es\/neues-jahr-neues-design\/","title":{"rendered":"Espresso para amantes del caf\u00e9 N\u00famero 01\/24"},"content":{"rendered":"<div data-elementor-type=\"wp-post\" data-elementor-id=\"15021\" class=\"elementor elementor-15021\" data-elementor-post-type=\"post\">\n\t\t\t\t<div class=\"elementor-element elementor-element-410e972 e-flex e-con-boxed e-con e-parent\" data-id=\"410e972\" data-element_type=\"container\" data-e-type=\"container\">\n\t\t\t\t\t<div class=\"e-con-inner\">\n\t\t<div class=\"elementor-element elementor-element-c879fd6 e-con-full e-flex e-con e-child\" data-id=\"c879fd6\" data-element_type=\"container\" data-e-type=\"container\">\n\t\t\t\t<div class=\"elementor-element elementor-element-20dc8ff2 elementor-widget elementor-widget-text-editor\" data-id=\"20dc8ff2\" data-element_type=\"widget\" data-e-type=\"widget\" data-widget_type=\"text-editor.default\">\n\t\t\t\t<div class=\"elementor-widget-container\">\n\t\t\t\t\t\t\t\t\t<h2>A\u00f1o nuevo, dise\u00f1o nuevo<\/h2><p>Han pasado casi 10 a\u00f1os desde nuestro \u00faltimo relanzamiento y era hora de otra modernizaci\u00f3n. Nuestra identidad de marca debe tener un nuevo lenguaje visual y parecer m\u00e1s brillante y fresca.<\/p><p>Implementaremos gradualmente un enfoque elegante y est\u00e9tico con un toque retro en 2024.<\/p><p>Las nuevas tazas con un dise\u00f1o reducido y colores finos tambi\u00e9n har\u00e1n las delicias de tus invitados.<\/p>\t\t\t\t\t\t\t\t<\/div>\n\t\t\t\t<\/div>\n\t\t\t\t<\/div>\n\t\t<div class=\"elementor-element elementor-element-642bb3d e-con-full e-flex e-con e-child\" data-id=\"642bb3d\" data-element_type=\"container\" data-e-type=\"container\">\n\t\t\t\t<div class=\"elementor-element elementor-element-c1884e1 elementor-widget elementor-widget-image\" data-id=\"c1884e1\" data-element_type=\"widget\" data-e-type=\"widget\" data-widget_type=\"image.default\">\n\t\t\t\t<div class=\"elementor-widget-container\">\n\t\t\t\t\t\t\t\t\t\t\t\t\t\t\t<img fetchpriority=\"high\" decoding=\"async\" width=\"800\" height=\"803\" src=\"https:\/\/www.cultcaffe.at\/wp-content\/uploads\/2024\/02\/impressionen-neues-design.jpg\" class=\"attachment-large size-large wp-image-18352\" alt=\"\" srcset=\"https:\/\/www.cultcaffe.at\/wp-content\/uploads\/2024\/02\/impressionen-neues-design.jpg 817w, https:\/\/www.cultcaffe.at\/wp-content\/uploads\/2024\/02\/impressionen-neues-design-100x100.jpg 100w, https:\/\/www.cultcaffe.at\/wp-content\/uploads\/2024\/02\/impressionen-neues-design-600x602.jpg 600w, https:\/\/www.cultcaffe.at\/wp-content\/uploads\/2024\/02\/impressionen-neues-design-300x300.jpg 300w, https:\/\/www.cultcaffe.at\/wp-content\/uploads\/2024\/02\/impressionen-neues-design-150x150.jpg 150w, https:\/\/www.cultcaffe.at\/wp-content\/uploads\/2024\/02\/impressionen-neues-design-768x771.jpg 768w, https:\/\/www.cultcaffe.at\/wp-content\/uploads\/2024\/02\/impressionen-neues-design-12x12.jpg 12w\" sizes=\"(max-width: 800px) 100vw, 800px\" \/>\t\t\t\t\t\t\t\t\t\t\t\t\t\t\t<\/div>\n\t\t\t\t<\/div>\n\t\t\t\t<\/div>\n\t\t\t\t\t<\/div>\n\t\t\t\t<\/div>\n\t\t<div class=\"elementor-element elementor-element-736ce5c e-flex e-con-boxed e-con e-parent\" data-id=\"736ce5c\" data-element_type=\"container\" data-e-type=\"container\">\n\t\t\t\t\t<div class=\"e-con-inner\">\n\t\t<div class=\"elementor-element elementor-element-e89dc5e e-con-full e-flex e-con e-child\" data-id=\"e89dc5e\" data-element_type=\"container\" data-e-type=\"container\">\n\t\t\t\t<div class=\"elementor-element elementor-element-3fd626a elementor-widget elementor-widget-text-editor\" data-id=\"3fd626a\" data-element_type=\"widget\" data-e-type=\"widget\" data-widget_type=\"text-editor.default\">\n\t\t\t\t<div class=\"elementor-widget-container\">\n\t\t\t\t\t\t\t\t\t<h2>Comprobaci\u00f3n del sello<\/h2><p>La gama de productos con sellos de calidad y premios de sostenibilidad est\u00e1 en constante crecimiento.<\/p><p>\u201cEco, org\u00e1nico o JUSTO\u201d prometen una conciencia tranquila a la hora de consumir. Nuestro compromiso con el comercio justo est\u00e1 fuera de toda duda porque demuestra credibilidad.<\/p><p>La equidad, los precios justos y el respeto son las bases de nuestras asociaciones con agricultores y comerciantes experimentados de caf\u00e9 verde.<\/p><p>Sabemos que la m\u00e1xima calidad tiene un precio y pagamos precios superiores a los del mercado. De este modo contribuimos al desarrollo de nuestros socios, quienes deber\u00edan poder ganarse bien la vida con su trabajo.<\/p><p>Para ello no se necesitan grandes organizaciones con excesiva burocracia y administraci\u00f3n. Con proyectos como Feminina de Per\u00fa y Orang Utan (<a href=\"https:\/\/www.cultcaffe.at\/es\/cafe\/proyecto-orangutan\/\">Proyecto de caf\u00e9 orangut\u00e1n<\/a>) Desde Indonesia tenemos en cuenta esta filosof\u00eda.<\/p><p>Nuestras visitas a plantaciones de caf\u00e9 y numerosas conversaciones con fincas, compa\u00f1eros tostadores y comerciantes de caf\u00e9 verde confirman que es posible trabajar de forma transparente y trazable sin un sello de certificaci\u00f3n. Por este motivo, despu\u00e9s de seis a\u00f1os, hemos decidido rescindir nuestro contrato con la organizaci\u00f3n Fairtrade.<\/p><p>No hay necesidad de organizaciones de gesti\u00f3n enormes, infladas, costosas y orientadas a las ganancias como Fairtrade, que equilibran la masa en el sistema.<\/p><p>Seguimos comprometidos con la certificaci\u00f3n org\u00e1nica y tenemos dos maravillosas mezclas org\u00e1nicas en nuestra gama.<\/p><p>Cult Caff\u00e8 sigue apostando por la m\u00e1xima calidad y una colaboraci\u00f3n en igualdad de condiciones.<\/p><p>\u00a0<\/p>\t\t\t\t\t\t\t\t<\/div>\n\t\t\t\t<\/div>\n\t\t\t\t<\/div>\n\t\t\t\t\t<\/div>\n\t\t\t\t<\/div>\n\t\t<div class=\"elementor-element elementor-element-e684fdc e-flex e-con-boxed e-con e-parent\" data-id=\"e684fdc\" data-element_type=\"container\" data-e-type=\"container\">\n\t\t\t\t\t<div class=\"e-con-inner\">\n\t\t<div class=\"elementor-element elementor-element-e362d0f e-con-full e-flex e-con e-child\" data-id=\"e362d0f\" data-element_type=\"container\" data-e-type=\"container\">\n\t\t\t\t<div class=\"elementor-element elementor-element-736dd9e elementor-widget elementor-widget-text-editor\" data-id=\"736dd9e\" data-element_type=\"widget\" data-e-type=\"widget\" data-widget_type=\"text-editor.default\">\n\t\t\t\t<div class=\"elementor-widget-container\">\n\t\t\t\t\t\t\t\t\t<h2>Una leyenda abandona el recinto de CultCaff\u00e9\u2026<\/h2><p>Nuestro querido colega Manfred Sandler, miembro del equipo de Cult Caff\u00e8 desde 2015, ha entrado ahora en su merecida jubilaci\u00f3n con sentimientos encontrados.<\/p><p>\u00a1GRACIAS querido Manfred por tu compromiso, tu humor, los deliciosos pasteles y tu artesan\u00eda, que a menudo nos fue de gran ayuda!<\/p><p>Muchas horas maravillosas de tiempo libre con tu familia y alegr\u00eda al dedicarte a todas tus aficiones,<\/p><p>Silvia y Walter<br \/>Petra y Tob\u00edas<br \/>B\u00e1rbara, Manuela, Sandra<\/p>\t\t\t\t\t\t\t\t<\/div>\n\t\t\t\t<\/div>\n\t\t\t\t<\/div>\n\t\t<div class=\"elementor-element elementor-element-abb3055 e-con-full e-flex e-con e-child\" data-id=\"abb3055\" data-element_type=\"container\" data-e-type=\"container\">\n\t\t\t\t<div class=\"elementor-element elementor-element-f7fe5b0 elementor-widget elementor-widget-image\" data-id=\"f7fe5b0\" data-element_type=\"widget\" data-e-type=\"widget\" data-widget_type=\"image.default\">\n\t\t\t\t<div class=\"elementor-widget-container\">\n\t\t\t\t\t\t\t\t\t\t\t\t\t\t\t<img decoding=\"async\" width=\"439\" height=\"480\" src=\"https:\/\/www.cultcaffe.at\/wp-content\/uploads\/2024\/02\/manfred-1.jpg\" class=\"attachment-large size-large wp-image-18353\" alt=\"\" srcset=\"https:\/\/www.cultcaffe.at\/wp-content\/uploads\/2024\/02\/manfred-1.jpg 439w, https:\/\/www.cultcaffe.at\/wp-content\/uploads\/2024\/02\/manfred-1-274x300.jpg 274w, https:\/\/www.cultcaffe.at\/wp-content\/uploads\/2024\/02\/manfred-1-11x12.jpg 11w\" sizes=\"(max-width: 439px) 100vw, 439px\" \/>\t\t\t\t\t\t\t\t\t\t\t\t\t\t\t<\/div>\n\t\t\t\t<\/div>\n\t\t\t\t<\/div>\n\t\t\t\t\t<\/div>\n\t\t\t\t<\/div>\n\t\t\t\t<\/div>","protected":false},"excerpt":{"rendered":"<p>Neues Jahr &#8211; neues Design Seit unserem letzten Relaunch sind fast 10 Jahre vergangen und es war wieder Zeit f\u00fcr eine Modernisierung. Unser Markenauftritt sollte eine neue Bildsprache bekommen, sowie heller und frischer wirken. Eine stilvolle, \u00e4sthetische Betrachtungsweise mit einem Retro-Touch werden wir Schritt f\u00fcr Schritt im Jahr 2024 umsetzen. Auch neue Tassen in reduziertem [&hellip;]<\/p>\n","protected":false},"author":6,"featured_media":15039,"comment_status":"closed","ping_status":"closed","sticky":false,"template":"","format":"standard","meta":{"inline_featured_image":false,"footnotes":""},"categories":[1],"tags":[],"class_list":["post-15021","post","type-post","status-publish","format-standard","has-post-thumbnail","hentry","category-allgemein"],"yoast_head":"<!-- This site is optimized with the Yoast SEO plugin v27.5 - https:\/\/yoast.com\/product\/yoast-seo-wordpress\/ -->\n<title>Espresso for Coffee Lovers Ausgabe 01\/24 - CultCaff\u00e9 - die Bio Kaffee R\u00f6sterei<\/title>\n<meta name=\"robots\" content=\"index, follow, max-snippet:-1, max-image-preview:large, max-video-preview:-1\" \/>\n<link rel=\"canonical\" href=\"https:\/\/www.cultcaffe.at\/es\/ano-nuevo-diseno-nuevo\/\" \/>\n<meta property=\"og:locale\" content=\"es_ES\" \/>\n<meta property=\"og:type\" content=\"article\" \/>\n<meta property=\"og:title\" content=\"Espresso for Coffee Lovers Ausgabe 01\/24 - CultCaff\u00e9 - die Bio Kaffee R\u00f6sterei\" \/>\n<meta property=\"og:description\" content=\"Neues Jahr &#8211; neues Design Seit unserem letzten Relaunch sind fast 10 Jahre vergangen und es war wieder Zeit f\u00fcr eine Modernisierung. Unser Markenauftritt sollte eine neue Bildsprache bekommen, sowie heller und frischer wirken. Eine stilvolle, \u00e4sthetische Betrachtungsweise mit einem Retro-Touch werden wir Schritt f\u00fcr Schritt im Jahr 2024 umsetzen. Auch neue Tassen in reduziertem [&hellip;]\" \/>\n<meta property=\"og:url\" content=\"https:\/\/www.cultcaffe.at\/es\/ano-nuevo-diseno-nuevo\/\" \/>\n<meta property=\"og:site_name\" content=\"CultCaff\u00e9 - die Bio Kaffee R\u00f6sterei\" \/>\n<meta property=\"article:publisher\" content=\"https:\/\/www.facebook.com\/p\/Cult-Caff%c3%a8-die-R%c3%b6sterei-100039719724703\/?locale=de_DE\" \/>\n<meta property=\"article:published_time\" content=\"2024-02-23T07:47:23+00:00\" \/>\n<meta property=\"article:modified_time\" content=\"2025-05-07T07:34:18+00:00\" \/>\n<meta property=\"og:image\" content=\"https:\/\/www.cultcaffe.at\/wp-content\/uploads\/2024\/02\/CultCaffe\u00a9nimozimmerhackl_MGL8924-scaled.jpg\" \/>\n\t<meta property=\"og:image:width\" content=\"2560\" \/>\n\t<meta property=\"og:image:height\" content=\"1707\" \/>\n\t<meta property=\"og:image:type\" content=\"image\/jpeg\" \/>\n<meta name=\"author\" content=\"wolfbiz\" \/>\n<meta name=\"twitter:card\" content=\"summary_large_image\" \/>\n<meta name=\"twitter:label1\" content=\"Escrito por\" \/>\n\t<meta name=\"twitter:data1\" content=\"wolfbiz\" \/>\n\t<meta name=\"twitter:label2\" content=\"Tiempo de lectura\" \/>\n\t<meta name=\"twitter:data2\" content=\"3 minutos\" \/>\n<script type=\"application\/ld+json\" class=\"yoast-schema-graph\">{\"@context\":\"https:\\\/\\\/schema.org\",\"@graph\":[{\"@type\":\"Article\",\"@id\":\"https:\\\/\\\/www.cultcaffe.at\\\/neues-jahr-neues-design\\\/#article\",\"isPartOf\":{\"@id\":\"https:\\\/\\\/www.cultcaffe.at\\\/neues-jahr-neues-design\\\/\"},\"author\":{\"name\":\"wolfbiz\",\"@id\":\"https:\\\/\\\/www.cultcaffe.at\\\/#\\\/schema\\\/person\\\/c8959a880633ff3f415a5097732f23ad\"},\"headline\":\"Espresso for Coffee Lovers Ausgabe 01\\\/24\",\"datePublished\":\"2024-02-23T07:47:23+00:00\",\"dateModified\":\"2025-05-07T07:34:18+00:00\",\"mainEntityOfPage\":{\"@id\":\"https:\\\/\\\/www.cultcaffe.at\\\/neues-jahr-neues-design\\\/\"},\"wordCount\":367,\"publisher\":{\"@id\":\"https:\\\/\\\/www.cultcaffe.at\\\/#organization\"},\"image\":{\"@id\":\"https:\\\/\\\/www.cultcaffe.at\\\/neues-jahr-neues-design\\\/#primaryimage\"},\"thumbnailUrl\":\"https:\\\/\\\/www.cultcaffe.at\\\/wp-content\\\/uploads\\\/2024\\\/02\\\/CultCaffe\u00a9nimozimmerhackl_MGL8924-scaled.jpg\",\"articleSection\":[\"Allgemein\"],\"inLanguage\":\"es\"},{\"@type\":\"WebPage\",\"@id\":\"https:\\\/\\\/www.cultcaffe.at\\\/neues-jahr-neues-design\\\/\",\"url\":\"https:\\\/\\\/www.cultcaffe.at\\\/neues-jahr-neues-design\\\/\",\"name\":\"Espresso for Coffee Lovers Ausgabe 01\\\/24 - CultCaff\u00e9 - die Bio Kaffee R\u00f6sterei\",\"isPartOf\":{\"@id\":\"https:\\\/\\\/www.cultcaffe.at\\\/#website\"},\"primaryImageOfPage\":{\"@id\":\"https:\\\/\\\/www.cultcaffe.at\\\/neues-jahr-neues-design\\\/#primaryimage\"},\"image\":{\"@id\":\"https:\\\/\\\/www.cultcaffe.at\\\/neues-jahr-neues-design\\\/#primaryimage\"},\"thumbnailUrl\":\"https:\\\/\\\/www.cultcaffe.at\\\/wp-content\\\/uploads\\\/2024\\\/02\\\/CultCaffe\u00a9nimozimmerhackl_MGL8924-scaled.jpg\",\"datePublished\":\"2024-02-23T07:47:23+00:00\",\"dateModified\":\"2025-05-07T07:34:18+00:00\",\"breadcrumb\":{\"@id\":\"https:\\\/\\\/www.cultcaffe.at\\\/neues-jahr-neues-design\\\/#breadcrumb\"},\"inLanguage\":\"es\",\"potentialAction\":[{\"@type\":\"ReadAction\",\"target\":[\"https:\\\/\\\/www.cultcaffe.at\\\/neues-jahr-neues-design\\\/\"]}]},{\"@type\":\"ImageObject\",\"inLanguage\":\"es\",\"@id\":\"https:\\\/\\\/www.cultcaffe.at\\\/neues-jahr-neues-design\\\/#primaryimage\",\"url\":\"https:\\\/\\\/www.cultcaffe.at\\\/wp-content\\\/uploads\\\/2024\\\/02\\\/CultCaffe\u00a9nimozimmerhackl_MGL8924-scaled.jpg\",\"contentUrl\":\"https:\\\/\\\/www.cultcaffe.at\\\/wp-content\\\/uploads\\\/2024\\\/02\\\/CultCaffe\u00a9nimozimmerhackl_MGL8924-scaled.jpg\",\"width\":2560,\"height\":1707},{\"@type\":\"BreadcrumbList\",\"@id\":\"https:\\\/\\\/www.cultcaffe.at\\\/neues-jahr-neues-design\\\/#breadcrumb\",\"itemListElement\":[{\"@type\":\"ListItem\",\"position\":1,\"name\":\"Startseite\",\"item\":\"https:\\\/\\\/www.cultcaffe.at\\\/\"},{\"@type\":\"ListItem\",\"position\":2,\"name\":\"Espresso for Coffee Lovers Ausgabe 01\\\/24\"}]},{\"@type\":\"WebSite\",\"@id\":\"https:\\\/\\\/www.cultcaffe.at\\\/#website\",\"url\":\"https:\\\/\\\/www.cultcaffe.at\\\/\",\"name\":\"CultCaff\u00e9 - die Bio Kaffee R\u00f6sterei\",\"description\":\"Liebe zum Kaffee\",\"publisher\":{\"@id\":\"https:\\\/\\\/www.cultcaffe.at\\\/#organization\"},\"potentialAction\":[{\"@type\":\"SearchAction\",\"target\":{\"@type\":\"EntryPoint\",\"urlTemplate\":\"https:\\\/\\\/www.cultcaffe.at\\\/?s={search_term_string}\"},\"query-input\":{\"@type\":\"PropertyValueSpecification\",\"valueRequired\":true,\"valueName\":\"search_term_string\"}}],\"inLanguage\":\"es\"},{\"@type\":[\"Organization\",\"Place\"],\"@id\":\"https:\\\/\\\/www.cultcaffe.at\\\/#organization\",\"name\":\"CultCaff\u00e9 Kaffeer\u00f6sterei GmbH\",\"alternateName\":\"CultCaff\u00e9\",\"url\":\"https:\\\/\\\/www.cultcaffe.at\\\/\",\"logo\":{\"@id\":\"https:\\\/\\\/www.cultcaffe.at\\\/neues-jahr-neues-design\\\/#local-main-organization-logo\"},\"image\":{\"@id\":\"https:\\\/\\\/www.cultcaffe.at\\\/neues-jahr-neues-design\\\/#local-main-organization-logo\"},\"sameAs\":[\"https:\\\/\\\/www.facebook.com\\\/p\\\/Cult-Caff\u00e8-die-R\u00f6sterei-100039719724703\\\/?locale=de_DE\",\"https:\\\/\\\/www.instagram.com\\\/cultcaffe.at\\\/\"],\"hasMerchantReturnPolicy\":{\"@type\":\"MerchantReturnPolicy\",\"merchantReturnLink\":\"https:\\\/\\\/www.cultcaffe.at\\\/es\\\/agbs\\\/\"},\"telephone\":[],\"openingHoursSpecification\":[{\"@type\":\"OpeningHoursSpecification\",\"dayOfWeek\":[\"Monday\",\"Tuesday\",\"Wednesday\",\"Thursday\",\"Friday\",\"Saturday\",\"Sunday\"],\"opens\":\"09:00\",\"closes\":\"17:00\"}]},{\"@type\":\"Person\",\"@id\":\"https:\\\/\\\/www.cultcaffe.at\\\/#\\\/schema\\\/person\\\/c8959a880633ff3f415a5097732f23ad\",\"name\":\"wolfbiz\"},{\"@type\":\"ImageObject\",\"inLanguage\":\"es\",\"@id\":\"https:\\\/\\\/www.cultcaffe.at\\\/neues-jahr-neues-design\\\/#local-main-organization-logo\",\"url\":\"https:\\\/\\\/www.cultcaffe.at\\\/wp-content\\\/uploads\\\/2023\\\/11\\\/cultcaffe_logo_regular_dark-1.svg\",\"contentUrl\":\"https:\\\/\\\/www.cultcaffe.at\\\/wp-content\\\/uploads\\\/2023\\\/11\\\/cultcaffe_logo_regular_dark-1.svg\",\"width\":756,\"height\":474,\"caption\":\"CultCaff\u00e9 Kaffeer\u00f6sterei GmbH\"}]}<\/script>\n<!-- \/ Yoast SEO plugin. -->","yoast_head_json":{"title":"Espresso para Amantes del Caf\u00e9 N\u00famero 01\/24 - CultCaff\u00e9 - la tostadora de caf\u00e9 org\u00e1nico","robots":{"index":"index","follow":"follow","max-snippet":"max-snippet:-1","max-image-preview":"max-image-preview:large","max-video-preview":"max-video-preview:-1"},"canonical":"https:\/\/www.cultcaffe.at\/es\/ano-nuevo-diseno-nuevo\/","og_locale":"es_ES","og_type":"article","og_title":"Espresso for Coffee Lovers Ausgabe 01\/24 - CultCaff\u00e9 - die Bio Kaffee R\u00f6sterei","og_description":"Neues Jahr &#8211; neues Design Seit unserem letzten Relaunch sind fast 10 Jahre vergangen und es war wieder Zeit f\u00fcr eine Modernisierung. Unser Markenauftritt sollte eine neue Bildsprache bekommen, sowie heller und frischer wirken. Eine stilvolle, \u00e4sthetische Betrachtungsweise mit einem Retro-Touch werden wir Schritt f\u00fcr Schritt im Jahr 2024 umsetzen. Auch neue Tassen in reduziertem [&hellip;]","og_url":"https:\/\/www.cultcaffe.at\/es\/ano-nuevo-diseno-nuevo\/","og_site_name":"CultCaff\u00e9 - die Bio Kaffee R\u00f6sterei","article_publisher":"https:\/\/www.facebook.com\/p\/Cult-Caff%c3%a8-die-R%c3%b6sterei-100039719724703\/?locale=de_DE","article_published_time":"2024-02-23T07:47:23+00:00","article_modified_time":"2025-05-07T07:34:18+00:00","og_image":[{"width":2560,"height":1707,"url":"https:\/\/www.cultcaffe.at\/wp-content\/uploads\/2024\/02\/CultCaffe\u00a9nimozimmerhackl_MGL8924-scaled.jpg","type":"image\/jpeg"}],"author":"wolfbiz","twitter_card":"summary_large_image","twitter_misc":{"Escrito por":"wolfbiz","Tiempo de lectura":"3 minutos"},"schema":{"@context":"https:\/\/schema.org","@graph":[{"@type":"Article","@id":"https:\/\/www.cultcaffe.at\/neues-jahr-neues-design\/#article","isPartOf":{"@id":"https:\/\/www.cultcaffe.at\/neues-jahr-neues-design\/"},"author":{"name":"wolfbiz","@id":"https:\/\/www.cultcaffe.at\/#\/schema\/person\/c8959a880633ff3f415a5097732f23ad"},"headline":"Espresso for Coffee Lovers Ausgabe 01\/24","datePublished":"2024-02-23T07:47:23+00:00","dateModified":"2025-05-07T07:34:18+00:00","mainEntityOfPage":{"@id":"https:\/\/www.cultcaffe.at\/neues-jahr-neues-design\/"},"wordCount":367,"publisher":{"@id":"https:\/\/www.cultcaffe.at\/#organization"},"image":{"@id":"https:\/\/www.cultcaffe.at\/neues-jahr-neues-design\/#primaryimage"},"thumbnailUrl":"https:\/\/www.cultcaffe.at\/wp-content\/uploads\/2024\/02\/CultCaffe\u00a9nimozimmerhackl_MGL8924-scaled.jpg","articleSection":["Allgemein"],"inLanguage":"es"},{"@type":"WebPage","@id":"https:\/\/www.cultcaffe.at\/neues-jahr-neues-design\/","url":"https:\/\/www.cultcaffe.at\/neues-jahr-neues-design\/","name":"Espresso para Amantes del Caf\u00e9 N\u00famero 01\/24 - CultCaff\u00e9 - la tostadora de caf\u00e9 org\u00e1nico","isPartOf":{"@id":"https:\/\/www.cultcaffe.at\/#website"},"primaryImageOfPage":{"@id":"https:\/\/www.cultcaffe.at\/neues-jahr-neues-design\/#primaryimage"},"image":{"@id":"https:\/\/www.cultcaffe.at\/neues-jahr-neues-design\/#primaryimage"},"thumbnailUrl":"https:\/\/www.cultcaffe.at\/wp-content\/uploads\/2024\/02\/CultCaffe\u00a9nimozimmerhackl_MGL8924-scaled.jpg","datePublished":"2024-02-23T07:47:23+00:00","dateModified":"2025-05-07T07:34:18+00:00","breadcrumb":{"@id":"https:\/\/www.cultcaffe.at\/neues-jahr-neues-design\/#breadcrumb"},"inLanguage":"es","potentialAction":[{"@type":"ReadAction","target":["https:\/\/www.cultcaffe.at\/neues-jahr-neues-design\/"]}]},{"@type":"ImageObject","inLanguage":"es","@id":"https:\/\/www.cultcaffe.at\/neues-jahr-neues-design\/#primaryimage","url":"https:\/\/www.cultcaffe.at\/wp-content\/uploads\/2024\/02\/CultCaffe\u00a9nimozimmerhackl_MGL8924-scaled.jpg","contentUrl":"https:\/\/www.cultcaffe.at\/wp-content\/uploads\/2024\/02\/CultCaffe\u00a9nimozimmerhackl_MGL8924-scaled.jpg","width":2560,"height":1707},{"@type":"BreadcrumbList","@id":"https:\/\/www.cultcaffe.at\/neues-jahr-neues-design\/#breadcrumb","itemListElement":[{"@type":"ListItem","position":1,"name":"Startseite","item":"https:\/\/www.cultcaffe.at\/"},{"@type":"ListItem","position":2,"name":"Espresso for Coffee Lovers Ausgabe 01\/24"}]},{"@type":"WebSite","@id":"https:\/\/www.cultcaffe.at\/#website","url":"https:\/\/www.cultcaffe.at\/","name":"CultCaff\u00e9 - la tostadur\u00eda de caf\u00e9 org\u00e1nico","description":"Amor por el caf\u00e9","publisher":{"@id":"https:\/\/www.cultcaffe.at\/#organization"},"potentialAction":[{"@type":"SearchAction","target":{"@type":"EntryPoint","urlTemplate":"https:\/\/www.cultcaffe.at\/?s={search_term_string}"},"query-input":{"@type":"PropertyValueSpecification","valueRequired":true,"valueName":"search_term_string"}}],"inLanguage":"es"},{"@type":["Organization","Place"],"@id":"https:\/\/www.cultcaffe.at\/#organization","name":"Tostadur\u00eda de caf\u00e9 CultCaff\u00e9 GmbH","alternateName":"CultCaff\u00e9","url":"https:\/\/www.cultcaffe.at\/","logo":{"@id":"https:\/\/www.cultcaffe.at\/neues-jahr-neues-design\/#local-main-organization-logo"},"image":{"@id":"https:\/\/www.cultcaffe.at\/neues-jahr-neues-design\/#local-main-organization-logo"},"sameAs":["https:\/\/www.facebook.com\/p\/Cult-Caff\u00e8-die-R\u00f6sterei-100039719724703\/?locale=de_DE","https:\/\/www.instagram.com\/cultcaffe.at\/"],"hasMerchantReturnPolicy":{"@type":"MerchantReturnPolicy","merchantReturnLink":"https:\/\/www.cultcaffe.at\/es\/agbs\/"},"telephone":[],"openingHoursSpecification":[{"@type":"OpeningHoursSpecification","dayOfWeek":["Monday","Tuesday","Wednesday","Thursday","Friday","Saturday","Sunday"],"opens":"09:00","closes":"17:00"}]},{"@type":"Person","@id":"https:\/\/www.cultcaffe.at\/#\/schema\/person\/c8959a880633ff3f415a5097732f23ad","name":"Wolfbiz"},{"@type":"ImageObject","inLanguage":"es","@id":"https:\/\/www.cultcaffe.at\/neues-jahr-neues-design\/#local-main-organization-logo","url":"https:\/\/www.cultcaffe.at\/wp-content\/uploads\/2023\/11\/cultcaffe_logo_regular_dark-1.svg","contentUrl":"https:\/\/www.cultcaffe.at\/wp-content\/uploads\/2023\/11\/cultcaffe_logo_regular_dark-1.svg","width":756,"height":474,"caption":"CultCaff\u00e9 Kaffeer\u00f6sterei GmbH"}]}},"_links":{"self":[{"href":"https:\/\/www.cultcaffe.at\/es\/wp-json\/wp\/v2\/posts\/15021","targetHints":{"allow":["GET"]}}],"collection":[{"href":"https:\/\/www.cultcaffe.at\/es\/wp-json\/wp\/v2\/posts"}],"about":[{"href":"https:\/\/www.cultcaffe.at\/es\/wp-json\/wp\/v2\/types\/post"}],"author":[{"embeddable":true,"href":"https:\/\/www.cultcaffe.at\/es\/wp-json\/wp\/v2\/users\/6"}],"replies":[{"embeddable":true,"href":"https:\/\/www.cultcaffe.at\/es\/wp-json\/wp\/v2\/comments?post=15021"}],"version-history":[{"count":16,"href":"https:\/\/www.cultcaffe.at\/es\/wp-json\/wp\/v2\/posts\/15021\/revisions"}],"predecessor-version":[{"id":18416,"href":"https:\/\/www.cultcaffe.at\/es\/wp-json\/wp\/v2\/posts\/15021\/revisions\/18416"}],"wp:featuredmedia":[{"embeddable":true,"href":"https:\/\/www.cultcaffe.at\/es\/wp-json\/wp\/v2\/media\/15039"}],"wp:attachment":[{"href":"https:\/\/www.cultcaffe.at\/es\/wp-json\/wp\/v2\/media?parent=15021"}],"wp:term":[{"taxonomy":"category","embeddable":true,"href":"https:\/\/www.cultcaffe.at\/es\/wp-json\/wp\/v2\/categories?post=15021"},{"taxonomy":"post_tag","embeddable":true,"href":"https:\/\/www.cultcaffe.at\/es\/wp-json\/wp\/v2\/tags?post=15021"}],"curies":[{"name":"wp","href":"https:\/\/api.w.org\/{rel}","templated":true}]}}