{"id":15021,"date":"2024-02-23T08:47:23","date_gmt":"2024-02-23T07:47:23","guid":{"rendered":"https:\/\/www.cultcaffe.at\/?p=15021"},"modified":"2025-05-07T09:34:18","modified_gmt":"2025-05-07T07:34:18","slug":"novy-rok-novy-design","status":"publish","type":"post","link":"https:\/\/www.cultcaffe.at\/cs\/neues-jahr-neues-design\/","title":{"rendered":"Espresso pro milovn\u00edky k\u00e1vy, vyd\u00e1n\u00ed 24. 1."},"content":{"rendered":"<div data-elementor-type=\"wp-post\" data-elementor-id=\"15021\" class=\"elementor elementor-15021\" data-elementor-post-type=\"post\">\n\t\t\t\t<div class=\"elementor-element elementor-element-410e972 e-flex e-con-boxed e-con e-parent\" data-id=\"410e972\" data-element_type=\"container\" data-e-type=\"container\">\n\t\t\t\t\t<div class=\"e-con-inner\">\n\t\t<div class=\"elementor-element elementor-element-c879fd6 e-con-full e-flex e-con e-child\" data-id=\"c879fd6\" data-element_type=\"container\" data-e-type=\"container\">\n\t\t\t\t<div class=\"elementor-element elementor-element-20dc8ff2 elementor-widget elementor-widget-text-editor\" data-id=\"20dc8ff2\" data-element_type=\"widget\" data-e-type=\"widget\" data-widget_type=\"text-editor.default\">\n\t\t\t\t<div class=\"elementor-widget-container\">\n\t\t\t\t\t\t\t\t\t<h2>Nov\u00fd rok \u2013 nov\u00fd design<\/h2><p>Od na\u0161eho posledn\u00edho restartu uplynulo t\u00e9m\u011b\u0159 10 let a nastal \u010das na dal\u0161\u00ed modernizaci. Na\u0161e identita zna\u010dky by m\u011bla m\u00edt nov\u00fd vizu\u00e1ln\u00ed jazyk a p\u016fsobit jasn\u011bji a sv\u011b\u017eeji.<\/p><p>Stylov\u00fd, estetick\u00fd p\u0159\u00edstup s retro n\u00e1dechem budeme postupn\u011b zav\u00e1d\u011bt v roce 2024.<\/p><p>Nov\u00e9 hrnky s redukovan\u00fdm designem a jemn\u00fdmi barvami tak\u00e9 pot\u011b\u0161\u00ed va\u0161e hosty.<\/p>\t\t\t\t\t\t\t\t<\/div>\n\t\t\t\t<\/div>\n\t\t\t\t<\/div>\n\t\t<div class=\"elementor-element elementor-element-642bb3d e-con-full e-flex e-con e-child\" data-id=\"642bb3d\" data-element_type=\"container\" data-e-type=\"container\">\n\t\t\t\t<div class=\"elementor-element elementor-element-c1884e1 elementor-widget elementor-widget-image\" data-id=\"c1884e1\" data-element_type=\"widget\" data-e-type=\"widget\" data-widget_type=\"image.default\">\n\t\t\t\t<div class=\"elementor-widget-container\">\n\t\t\t\t\t\t\t\t\t\t\t\t\t\t\t<img fetchpriority=\"high\" decoding=\"async\" width=\"800\" height=\"803\" src=\"https:\/\/www.cultcaffe.at\/wp-content\/uploads\/2024\/02\/impressionen-neues-design.jpg\" class=\"attachment-large size-large wp-image-18352\" alt=\"\" srcset=\"https:\/\/www.cultcaffe.at\/wp-content\/uploads\/2024\/02\/impressionen-neues-design.jpg 817w, https:\/\/www.cultcaffe.at\/wp-content\/uploads\/2024\/02\/impressionen-neues-design-100x100.jpg 100w, https:\/\/www.cultcaffe.at\/wp-content\/uploads\/2024\/02\/impressionen-neues-design-600x602.jpg 600w, https:\/\/www.cultcaffe.at\/wp-content\/uploads\/2024\/02\/impressionen-neues-design-300x300.jpg 300w, https:\/\/www.cultcaffe.at\/wp-content\/uploads\/2024\/02\/impressionen-neues-design-150x150.jpg 150w, https:\/\/www.cultcaffe.at\/wp-content\/uploads\/2024\/02\/impressionen-neues-design-768x771.jpg 768w, https:\/\/www.cultcaffe.at\/wp-content\/uploads\/2024\/02\/impressionen-neues-design-12x12.jpg 12w\" sizes=\"(max-width: 800px) 100vw, 800px\" \/>\t\t\t\t\t\t\t\t\t\t\t\t\t\t\t<\/div>\n\t\t\t\t<\/div>\n\t\t\t\t<\/div>\n\t\t\t\t\t<\/div>\n\t\t\t\t<\/div>\n\t\t<div class=\"elementor-element elementor-element-736ce5c e-flex e-con-boxed e-con e-parent\" data-id=\"736ce5c\" data-element_type=\"container\" data-e-type=\"container\">\n\t\t\t\t\t<div class=\"e-con-inner\">\n\t\t<div class=\"elementor-element elementor-element-e89dc5e e-con-full e-flex e-con e-child\" data-id=\"e89dc5e\" data-element_type=\"container\" data-e-type=\"container\">\n\t\t\t\t<div class=\"elementor-element elementor-element-3fd626a elementor-widget elementor-widget-text-editor\" data-id=\"3fd626a\" data-element_type=\"widget\" data-e-type=\"widget\" data-widget_type=\"text-editor.default\">\n\t\t\t\t<div class=\"elementor-widget-container\">\n\t\t\t\t\t\t\t\t\t<h2>Kontrola t\u011bsn\u011bn\u00ed<\/h2><p>Nab\u00eddka produkt\u016f s pe\u010det\u00ed kvality a ocen\u011bn\u00edmi za udr\u017eitelnost neust\u00e1le roste.<\/p><p>\u201eEko, bio nebo FAIR\u201c slibuj\u00ed \u010dist\u00e9 sv\u011bdom\u00ed p\u0159i konzumaci. N\u00e1\u0161 z\u00e1vazek k f\u00e9rov\u00e9mu obchodu je nezpochybniteln\u00fd, proto\u017ee prokazuje d\u016fv\u011bryhodnost.<\/p><p>Spravedlnost, f\u00e9rov\u00e9 ceny a respekt jsou z\u00e1kladem na\u0161ich partnerstv\u00ed s farm\u00e1\u0159i a zku\u0161en\u00fdmi obchodn\u00edky se zelenou k\u00e1vou.<\/p><p>V\u00edme, \u017ee \u0161pi\u010dkov\u00e1 kvalita m\u00e1 svou cenu, a proto plat\u00edme ceny vy\u0161\u0161\u00ed, ne\u017e je tr\u017en\u00ed \u00farove\u0148. V tomto ohledu p\u0159isp\u00edv\u00e1me k rozvoji na\u0161ich partner\u016f, kte\u0159\u00ed by m\u011bli b\u00fdt schopni se svou prac\u00ed dob\u0159e u\u017eivit.<\/p><p>To nevy\u017eaduje velk\u00e9 organizace s nadm\u011brnou byrokraci\u00ed a administrativou. S projekty jako Feminina z Peru a Orang Utan (<a href=\"https:\/\/www.cultcaffe.at\/cs\/kava\/projekt-orangutanu\/\">Projekt orangutansk\u00e9 k\u00e1vy<\/a>) z Indon\u00e9sie tuto filozofii bereme v \u00favahu.<\/p><p>Na\u0161e n\u00e1v\u0161t\u011bvy k\u00e1vov\u00fdch plant\u00e1\u017e\u00ed a \u010detn\u00e9 diskuse s farmami, kolegy pra\u017e\u00edrnami a obchodn\u00edky se zelenou k\u00e1vou potvrzuj\u00ed, \u017ee je mo\u017en\u00e9 pracovat transparentn\u011b a sledovateln\u011b i bez certifika\u010dn\u00ed pe\u010deti. Z tohoto d\u016fvodu jsme se po \u0161esti letech rozhodli ukon\u010dit na\u0161i smlouvu s organizac\u00ed Fairtrade.<\/p><p>Nen\u00ed pot\u0159eba obrovsk\u00fdch, nafoukl\u00fdch, n\u00e1kladov\u011b n\u00e1ro\u010dn\u00fdch a na zisk orientovan\u00fdch spr\u00e1vcovsk\u00fdch organizac\u00ed, jako je Fairtrade, kter\u00e9 v syst\u00e9mu vyrovn\u00e1vaj\u00ed mno\u017estv\u00ed.<\/p><p>Z\u016fst\u00e1v\u00e1me odhodl\u00e1ni dodr\u017eovat bio certifikaci a v na\u0161em sortimentu m\u00e1me dv\u011b skv\u011bl\u00e9 bio sm\u011bsi.<\/p><p>Cult Caff\u00e8 i nad\u00e1le symbolizuje nejvy\u0161\u0161\u00ed kvalitu a partnerstv\u00ed za rovnocenn\u00fdch podm\u00ednek.<\/p><p>\u00a0<\/p>\t\t\t\t\t\t\t\t<\/div>\n\t\t\t\t<\/div>\n\t\t\t\t<\/div>\n\t\t\t\t\t<\/div>\n\t\t\t\t<\/div>\n\t\t<div class=\"elementor-element elementor-element-e684fdc e-flex e-con-boxed e-con e-parent\" data-id=\"e684fdc\" data-element_type=\"container\" data-e-type=\"container\">\n\t\t\t\t\t<div class=\"e-con-inner\">\n\t\t<div class=\"elementor-element elementor-element-e362d0f e-con-full e-flex e-con e-child\" data-id=\"e362d0f\" data-element_type=\"container\" data-e-type=\"container\">\n\t\t\t\t<div class=\"elementor-element elementor-element-736dd9e elementor-widget elementor-widget-text-editor\" data-id=\"736dd9e\" data-element_type=\"widget\" data-e-type=\"widget\" data-widget_type=\"text-editor.default\">\n\t\t\t\t<div class=\"elementor-widget-container\">\n\t\t\t\t\t\t\t\t\t<h2>Legenda opou\u0161t\u00ed are\u00e1l CultCaff\u00e9\u2026<\/h2><p>N\u00e1\u0161 drah\u00fd kolega Manfred Sandler, \u010dlen t\u00fdmu Cult Caff\u00e8 od roku 2015, nyn\u00ed odch\u00e1z\u00ed do zaslou\u017een\u00e9ho d\u016fchodu se sm\u00ed\u0161en\u00fdmi pocity.<\/p><p>D\u011aKUJEME TI, mil\u00fd Manfrede, za Tv\u00e9 nasazen\u00ed, Tv\u016fj humor, lahodn\u00e9 pe\u010divo a Tv\u00e9 \u0159emesln\u00e9 zpracov\u00e1n\u00ed, kter\u00e9 n\u00e1m \u010dasto velmi pomohlo!<\/p><p>Mnoho kr\u00e1sn\u00fdch hodin voln\u00e9ho \u010dasu s rodinou a radosti z v\u011bnov\u00e1n\u00ed se v\u0161em va\u0161im kon\u00ed\u010dk\u016fm,<\/p><p>Silvie a Walter<br \/>Petra a Tobi\u00e1\u0161<br \/>Barbara, Manuela, Sandra<\/p>\t\t\t\t\t\t\t\t<\/div>\n\t\t\t\t<\/div>\n\t\t\t\t<\/div>\n\t\t<div class=\"elementor-element elementor-element-abb3055 e-con-full e-flex e-con e-child\" data-id=\"abb3055\" data-element_type=\"container\" data-e-type=\"container\">\n\t\t\t\t<div class=\"elementor-element elementor-element-f7fe5b0 elementor-widget elementor-widget-image\" data-id=\"f7fe5b0\" data-element_type=\"widget\" data-e-type=\"widget\" data-widget_type=\"image.default\">\n\t\t\t\t<div class=\"elementor-widget-container\">\n\t\t\t\t\t\t\t\t\t\t\t\t\t\t\t<img decoding=\"async\" width=\"439\" height=\"480\" src=\"https:\/\/www.cultcaffe.at\/wp-content\/uploads\/2024\/02\/manfred-1.jpg\" class=\"attachment-large size-large wp-image-18353\" alt=\"\" srcset=\"https:\/\/www.cultcaffe.at\/wp-content\/uploads\/2024\/02\/manfred-1.jpg 439w, https:\/\/www.cultcaffe.at\/wp-content\/uploads\/2024\/02\/manfred-1-274x300.jpg 274w, https:\/\/www.cultcaffe.at\/wp-content\/uploads\/2024\/02\/manfred-1-11x12.jpg 11w\" sizes=\"(max-width: 439px) 100vw, 439px\" \/>\t\t\t\t\t\t\t\t\t\t\t\t\t\t\t<\/div>\n\t\t\t\t<\/div>\n\t\t\t\t<\/div>\n\t\t\t\t\t<\/div>\n\t\t\t\t<\/div>\n\t\t\t\t<\/div>","protected":false},"excerpt":{"rendered":"<p>Neues Jahr &#8211; neues Design Seit unserem letzten Relaunch sind fast 10 Jahre vergangen und es war wieder Zeit f\u00fcr eine Modernisierung. Unser Markenauftritt sollte eine neue Bildsprache bekommen, sowie heller und frischer wirken. Eine stilvolle, \u00e4sthetische Betrachtungsweise mit einem Retro-Touch werden wir Schritt f\u00fcr Schritt im Jahr 2024 umsetzen. Auch neue Tassen in reduziertem [&hellip;]<\/p>\n","protected":false},"author":6,"featured_media":15039,"comment_status":"closed","ping_status":"closed","sticky":false,"template":"","format":"standard","meta":{"inline_featured_image":false,"footnotes":""},"categories":[1],"tags":[],"class_list":["post-15021","post","type-post","status-publish","format-standard","has-post-thumbnail","hentry","category-allgemein"],"yoast_head":"<!-- This site is optimized with the Yoast SEO plugin v27.5 - https:\/\/yoast.com\/product\/yoast-seo-wordpress\/ -->\n<title>Espresso for Coffee Lovers Ausgabe 01\/24 - CultCaff\u00e9 - die Bio Kaffee R\u00f6sterei<\/title>\n<meta name=\"robots\" content=\"index, follow, max-snippet:-1, max-image-preview:large, max-video-preview:-1\" \/>\n<link rel=\"canonical\" href=\"https:\/\/www.cultcaffe.at\/cs\/novy-rok-novy-design\/\" \/>\n<meta property=\"og:locale\" content=\"cs_CZ\" \/>\n<meta property=\"og:type\" content=\"article\" \/>\n<meta property=\"og:title\" content=\"Espresso for Coffee Lovers Ausgabe 01\/24 - CultCaff\u00e9 - die Bio Kaffee R\u00f6sterei\" \/>\n<meta property=\"og:description\" content=\"Neues Jahr &#8211; neues Design Seit unserem letzten Relaunch sind fast 10 Jahre vergangen und es war wieder Zeit f\u00fcr eine Modernisierung. Unser Markenauftritt sollte eine neue Bildsprache bekommen, sowie heller und frischer wirken. Eine stilvolle, \u00e4sthetische Betrachtungsweise mit einem Retro-Touch werden wir Schritt f\u00fcr Schritt im Jahr 2024 umsetzen. Auch neue Tassen in reduziertem [&hellip;]\" \/>\n<meta property=\"og:url\" content=\"https:\/\/www.cultcaffe.at\/cs\/novy-rok-novy-design\/\" \/>\n<meta property=\"og:site_name\" content=\"CultCaff\u00e9 - die Bio Kaffee R\u00f6sterei\" \/>\n<meta property=\"article:publisher\" content=\"https:\/\/www.facebook.com\/p\/Cult-Caff%c3%a8-die-R%c3%b6sterei-100039719724703\/?locale=de_DE\" \/>\n<meta property=\"article:published_time\" content=\"2024-02-23T07:47:23+00:00\" \/>\n<meta property=\"article:modified_time\" content=\"2025-05-07T07:34:18+00:00\" \/>\n<meta property=\"og:image\" content=\"https:\/\/www.cultcaffe.at\/wp-content\/uploads\/2024\/02\/CultCaffe\u00a9nimozimmerhackl_MGL8924-scaled.jpg\" \/>\n\t<meta property=\"og:image:width\" content=\"2560\" \/>\n\t<meta property=\"og:image:height\" content=\"1707\" \/>\n\t<meta property=\"og:image:type\" content=\"image\/jpeg\" \/>\n<meta name=\"author\" content=\"wolfbiz\" \/>\n<meta name=\"twitter:card\" content=\"summary_large_image\" \/>\n<meta name=\"twitter:label1\" content=\"Napsal(a)\" \/>\n\t<meta name=\"twitter:data1\" content=\"wolfbiz\" \/>\n\t<meta name=\"twitter:label2\" content=\"Odhadovan\u00e1 doba \u010dten\u00ed\" \/>\n\t<meta name=\"twitter:data2\" content=\"3 minuty\" \/>\n<script type=\"application\/ld+json\" class=\"yoast-schema-graph\">{\"@context\":\"https:\\\/\\\/schema.org\",\"@graph\":[{\"@type\":\"Article\",\"@id\":\"https:\\\/\\\/www.cultcaffe.at\\\/neues-jahr-neues-design\\\/#article\",\"isPartOf\":{\"@id\":\"https:\\\/\\\/www.cultcaffe.at\\\/neues-jahr-neues-design\\\/\"},\"author\":{\"name\":\"wolfbiz\",\"@id\":\"https:\\\/\\\/www.cultcaffe.at\\\/#\\\/schema\\\/person\\\/c8959a880633ff3f415a5097732f23ad\"},\"headline\":\"Espresso for Coffee Lovers Ausgabe 01\\\/24\",\"datePublished\":\"2024-02-23T07:47:23+00:00\",\"dateModified\":\"2025-05-07T07:34:18+00:00\",\"mainEntityOfPage\":{\"@id\":\"https:\\\/\\\/www.cultcaffe.at\\\/neues-jahr-neues-design\\\/\"},\"wordCount\":367,\"publisher\":{\"@id\":\"https:\\\/\\\/www.cultcaffe.at\\\/#organization\"},\"image\":{\"@id\":\"https:\\\/\\\/www.cultcaffe.at\\\/neues-jahr-neues-design\\\/#primaryimage\"},\"thumbnailUrl\":\"https:\\\/\\\/www.cultcaffe.at\\\/wp-content\\\/uploads\\\/2024\\\/02\\\/CultCaffe\u00a9nimozimmerhackl_MGL8924-scaled.jpg\",\"articleSection\":[\"Allgemein\"],\"inLanguage\":\"cs\"},{\"@type\":\"WebPage\",\"@id\":\"https:\\\/\\\/www.cultcaffe.at\\\/neues-jahr-neues-design\\\/\",\"url\":\"https:\\\/\\\/www.cultcaffe.at\\\/neues-jahr-neues-design\\\/\",\"name\":\"Espresso for Coffee Lovers Ausgabe 01\\\/24 - CultCaff\u00e9 - die Bio Kaffee R\u00f6sterei\",\"isPartOf\":{\"@id\":\"https:\\\/\\\/www.cultcaffe.at\\\/#website\"},\"primaryImageOfPage\":{\"@id\":\"https:\\\/\\\/www.cultcaffe.at\\\/neues-jahr-neues-design\\\/#primaryimage\"},\"image\":{\"@id\":\"https:\\\/\\\/www.cultcaffe.at\\\/neues-jahr-neues-design\\\/#primaryimage\"},\"thumbnailUrl\":\"https:\\\/\\\/www.cultcaffe.at\\\/wp-content\\\/uploads\\\/2024\\\/02\\\/CultCaffe\u00a9nimozimmerhackl_MGL8924-scaled.jpg\",\"datePublished\":\"2024-02-23T07:47:23+00:00\",\"dateModified\":\"2025-05-07T07:34:18+00:00\",\"breadcrumb\":{\"@id\":\"https:\\\/\\\/www.cultcaffe.at\\\/neues-jahr-neues-design\\\/#breadcrumb\"},\"inLanguage\":\"cs\",\"potentialAction\":[{\"@type\":\"ReadAction\",\"target\":[\"https:\\\/\\\/www.cultcaffe.at\\\/neues-jahr-neues-design\\\/\"]}]},{\"@type\":\"ImageObject\",\"inLanguage\":\"cs\",\"@id\":\"https:\\\/\\\/www.cultcaffe.at\\\/neues-jahr-neues-design\\\/#primaryimage\",\"url\":\"https:\\\/\\\/www.cultcaffe.at\\\/wp-content\\\/uploads\\\/2024\\\/02\\\/CultCaffe\u00a9nimozimmerhackl_MGL8924-scaled.jpg\",\"contentUrl\":\"https:\\\/\\\/www.cultcaffe.at\\\/wp-content\\\/uploads\\\/2024\\\/02\\\/CultCaffe\u00a9nimozimmerhackl_MGL8924-scaled.jpg\",\"width\":2560,\"height\":1707},{\"@type\":\"BreadcrumbList\",\"@id\":\"https:\\\/\\\/www.cultcaffe.at\\\/neues-jahr-neues-design\\\/#breadcrumb\",\"itemListElement\":[{\"@type\":\"ListItem\",\"position\":1,\"name\":\"Startseite\",\"item\":\"https:\\\/\\\/www.cultcaffe.at\\\/\"},{\"@type\":\"ListItem\",\"position\":2,\"name\":\"Espresso for Coffee Lovers Ausgabe 01\\\/24\"}]},{\"@type\":\"WebSite\",\"@id\":\"https:\\\/\\\/www.cultcaffe.at\\\/#website\",\"url\":\"https:\\\/\\\/www.cultcaffe.at\\\/\",\"name\":\"CultCaff\u00e9 - die Bio Kaffee R\u00f6sterei\",\"description\":\"Liebe zum Kaffee\",\"publisher\":{\"@id\":\"https:\\\/\\\/www.cultcaffe.at\\\/#organization\"},\"potentialAction\":[{\"@type\":\"SearchAction\",\"target\":{\"@type\":\"EntryPoint\",\"urlTemplate\":\"https:\\\/\\\/www.cultcaffe.at\\\/?s={search_term_string}\"},\"query-input\":{\"@type\":\"PropertyValueSpecification\",\"valueRequired\":true,\"valueName\":\"search_term_string\"}}],\"inLanguage\":\"cs\"},{\"@type\":[\"Organization\",\"Place\"],\"@id\":\"https:\\\/\\\/www.cultcaffe.at\\\/#organization\",\"name\":\"CultCaff\u00e9 Kaffeer\u00f6sterei GmbH\",\"alternateName\":\"CultCaff\u00e9\",\"url\":\"https:\\\/\\\/www.cultcaffe.at\\\/\",\"logo\":{\"@id\":\"https:\\\/\\\/www.cultcaffe.at\\\/neues-jahr-neues-design\\\/#local-main-organization-logo\"},\"image\":{\"@id\":\"https:\\\/\\\/www.cultcaffe.at\\\/neues-jahr-neues-design\\\/#local-main-organization-logo\"},\"sameAs\":[\"https:\\\/\\\/www.facebook.com\\\/p\\\/Cult-Caff\u00e8-die-R\u00f6sterei-100039719724703\\\/?locale=de_DE\",\"https:\\\/\\\/www.instagram.com\\\/cultcaffe.at\\\/\"],\"hasMerchantReturnPolicy\":{\"@type\":\"MerchantReturnPolicy\",\"merchantReturnLink\":\"https:\\\/\\\/www.cultcaffe.at\\\/cs\\\/agbs\\\/\"},\"telephone\":[],\"openingHoursSpecification\":[{\"@type\":\"OpeningHoursSpecification\",\"dayOfWeek\":[\"Monday\",\"Tuesday\",\"Wednesday\",\"Thursday\",\"Friday\",\"Saturday\",\"Sunday\"],\"opens\":\"09:00\",\"closes\":\"17:00\"}]},{\"@type\":\"Person\",\"@id\":\"https:\\\/\\\/www.cultcaffe.at\\\/#\\\/schema\\\/person\\\/c8959a880633ff3f415a5097732f23ad\",\"name\":\"wolfbiz\"},{\"@type\":\"ImageObject\",\"inLanguage\":\"cs\",\"@id\":\"https:\\\/\\\/www.cultcaffe.at\\\/neues-jahr-neues-design\\\/#local-main-organization-logo\",\"url\":\"https:\\\/\\\/www.cultcaffe.at\\\/wp-content\\\/uploads\\\/2023\\\/11\\\/cultcaffe_logo_regular_dark-1.svg\",\"contentUrl\":\"https:\\\/\\\/www.cultcaffe.at\\\/wp-content\\\/uploads\\\/2023\\\/11\\\/cultcaffe_logo_regular_dark-1.svg\",\"width\":756,\"height\":474,\"caption\":\"CultCaff\u00e9 Kaffeer\u00f6sterei GmbH\"}]}<\/script>\n<!-- \/ Yoast SEO plugin. -->","yoast_head_json":{"title":"Espresso pro milovn\u00edky k\u00e1vy Vyd\u00e1n\u00ed 01\/24 - CultCaff\u00e9 - pra\u017e\u00edrna bio k\u00e1vy","robots":{"index":"index","follow":"follow","max-snippet":"max-snippet:-1","max-image-preview":"max-image-preview:large","max-video-preview":"max-video-preview:-1"},"canonical":"https:\/\/www.cultcaffe.at\/cs\/novy-rok-novy-design\/","og_locale":"cs_CZ","og_type":"article","og_title":"Espresso for Coffee Lovers Ausgabe 01\/24 - CultCaff\u00e9 - die Bio Kaffee R\u00f6sterei","og_description":"Neues Jahr &#8211; neues Design Seit unserem letzten Relaunch sind fast 10 Jahre vergangen und es war wieder Zeit f\u00fcr eine Modernisierung. Unser Markenauftritt sollte eine neue Bildsprache bekommen, sowie heller und frischer wirken. Eine stilvolle, \u00e4sthetische Betrachtungsweise mit einem Retro-Touch werden wir Schritt f\u00fcr Schritt im Jahr 2024 umsetzen. Auch neue Tassen in reduziertem [&hellip;]","og_url":"https:\/\/www.cultcaffe.at\/cs\/novy-rok-novy-design\/","og_site_name":"CultCaff\u00e9 - die Bio Kaffee R\u00f6sterei","article_publisher":"https:\/\/www.facebook.com\/p\/Cult-Caff%c3%a8-die-R%c3%b6sterei-100039719724703\/?locale=de_DE","article_published_time":"2024-02-23T07:47:23+00:00","article_modified_time":"2025-05-07T07:34:18+00:00","og_image":[{"width":2560,"height":1707,"url":"https:\/\/www.cultcaffe.at\/wp-content\/uploads\/2024\/02\/CultCaffe\u00a9nimozimmerhackl_MGL8924-scaled.jpg","type":"image\/jpeg"}],"author":"wolfbiz","twitter_card":"summary_large_image","twitter_misc":{"Napsal(a)":"wolfbiz","Odhadovan\u00e1 doba \u010dten\u00ed":"3 minuty"},"schema":{"@context":"https:\/\/schema.org","@graph":[{"@type":"Article","@id":"https:\/\/www.cultcaffe.at\/neues-jahr-neues-design\/#article","isPartOf":{"@id":"https:\/\/www.cultcaffe.at\/neues-jahr-neues-design\/"},"author":{"name":"wolfbiz","@id":"https:\/\/www.cultcaffe.at\/#\/schema\/person\/c8959a880633ff3f415a5097732f23ad"},"headline":"Espresso for Coffee Lovers Ausgabe 01\/24","datePublished":"2024-02-23T07:47:23+00:00","dateModified":"2025-05-07T07:34:18+00:00","mainEntityOfPage":{"@id":"https:\/\/www.cultcaffe.at\/neues-jahr-neues-design\/"},"wordCount":367,"publisher":{"@id":"https:\/\/www.cultcaffe.at\/#organization"},"image":{"@id":"https:\/\/www.cultcaffe.at\/neues-jahr-neues-design\/#primaryimage"},"thumbnailUrl":"https:\/\/www.cultcaffe.at\/wp-content\/uploads\/2024\/02\/CultCaffe\u00a9nimozimmerhackl_MGL8924-scaled.jpg","articleSection":["Allgemein"],"inLanguage":"cs"},{"@type":"WebPage","@id":"https:\/\/www.cultcaffe.at\/neues-jahr-neues-design\/","url":"https:\/\/www.cultcaffe.at\/neues-jahr-neues-design\/","name":"Espresso pro milovn\u00edky k\u00e1vy Vyd\u00e1n\u00ed 01\/24 - CultCaff\u00e9 - pra\u017e\u00edrna bio k\u00e1vy","isPartOf":{"@id":"https:\/\/www.cultcaffe.at\/#website"},"primaryImageOfPage":{"@id":"https:\/\/www.cultcaffe.at\/neues-jahr-neues-design\/#primaryimage"},"image":{"@id":"https:\/\/www.cultcaffe.at\/neues-jahr-neues-design\/#primaryimage"},"thumbnailUrl":"https:\/\/www.cultcaffe.at\/wp-content\/uploads\/2024\/02\/CultCaffe\u00a9nimozimmerhackl_MGL8924-scaled.jpg","datePublished":"2024-02-23T07:47:23+00:00","dateModified":"2025-05-07T07:34:18+00:00","breadcrumb":{"@id":"https:\/\/www.cultcaffe.at\/neues-jahr-neues-design\/#breadcrumb"},"inLanguage":"cs","potentialAction":[{"@type":"ReadAction","target":["https:\/\/www.cultcaffe.at\/neues-jahr-neues-design\/"]}]},{"@type":"ImageObject","inLanguage":"cs","@id":"https:\/\/www.cultcaffe.at\/neues-jahr-neues-design\/#primaryimage","url":"https:\/\/www.cultcaffe.at\/wp-content\/uploads\/2024\/02\/CultCaffe\u00a9nimozimmerhackl_MGL8924-scaled.jpg","contentUrl":"https:\/\/www.cultcaffe.at\/wp-content\/uploads\/2024\/02\/CultCaffe\u00a9nimozimmerhackl_MGL8924-scaled.jpg","width":2560,"height":1707},{"@type":"BreadcrumbList","@id":"https:\/\/www.cultcaffe.at\/neues-jahr-neues-design\/#breadcrumb","itemListElement":[{"@type":"ListItem","position":1,"name":"Startseite","item":"https:\/\/www.cultcaffe.at\/"},{"@type":"ListItem","position":2,"name":"Espresso for Coffee Lovers Ausgabe 01\/24"}]},{"@type":"WebSite","@id":"https:\/\/www.cultcaffe.at\/#website","url":"https:\/\/www.cultcaffe.at\/","name":"CultCaff\u00e9 - pra\u017e\u00edrna bio k\u00e1vy","description":"L\u00e1ska ke k\u00e1v\u011b","publisher":{"@id":"https:\/\/www.cultcaffe.at\/#organization"},"potentialAction":[{"@type":"SearchAction","target":{"@type":"EntryPoint","urlTemplate":"https:\/\/www.cultcaffe.at\/?s={search_term_string}"},"query-input":{"@type":"PropertyValueSpecification","valueRequired":true,"valueName":"search_term_string"}}],"inLanguage":"cs"},{"@type":["Organization","Place"],"@id":"https:\/\/www.cultcaffe.at\/#organization","name":"CultCaff\u00e9 Coffee Roastery GmbH","alternateName":"CultCaff\u00e9","url":"https:\/\/www.cultcaffe.at\/","logo":{"@id":"https:\/\/www.cultcaffe.at\/neues-jahr-neues-design\/#local-main-organization-logo"},"image":{"@id":"https:\/\/www.cultcaffe.at\/neues-jahr-neues-design\/#local-main-organization-logo"},"sameAs":["https:\/\/www.facebook.com\/p\/Cult-Caff\u00e8-die-R\u00f6sterei-100039719724703\/?locale=de_DE","https:\/\/www.instagram.com\/cultcaffe.at\/"],"hasMerchantReturnPolicy":{"@type":"MerchantReturnPolicy","merchantReturnLink":"https:\/\/www.cultcaffe.at\/cs\/agbs\/"},"telephone":[],"openingHoursSpecification":[{"@type":"OpeningHoursSpecification","dayOfWeek":["Monday","Tuesday","Wednesday","Thursday","Friday","Saturday","Sunday"],"opens":"09:00","closes":"17:00"}]},{"@type":"Person","@id":"https:\/\/www.cultcaffe.at\/#\/schema\/person\/c8959a880633ff3f415a5097732f23ad","name":"wolfbiz"},{"@type":"ImageObject","inLanguage":"cs","@id":"https:\/\/www.cultcaffe.at\/neues-jahr-neues-design\/#local-main-organization-logo","url":"https:\/\/www.cultcaffe.at\/wp-content\/uploads\/2023\/11\/cultcaffe_logo_regular_dark-1.svg","contentUrl":"https:\/\/www.cultcaffe.at\/wp-content\/uploads\/2023\/11\/cultcaffe_logo_regular_dark-1.svg","width":756,"height":474,"caption":"CultCaff\u00e9 Kaffeer\u00f6sterei GmbH"}]}},"_links":{"self":[{"href":"https:\/\/www.cultcaffe.at\/cs\/wp-json\/wp\/v2\/posts\/15021","targetHints":{"allow":["GET"]}}],"collection":[{"href":"https:\/\/www.cultcaffe.at\/cs\/wp-json\/wp\/v2\/posts"}],"about":[{"href":"https:\/\/www.cultcaffe.at\/cs\/wp-json\/wp\/v2\/types\/post"}],"author":[{"embeddable":true,"href":"https:\/\/www.cultcaffe.at\/cs\/wp-json\/wp\/v2\/users\/6"}],"replies":[{"embeddable":true,"href":"https:\/\/www.cultcaffe.at\/cs\/wp-json\/wp\/v2\/comments?post=15021"}],"version-history":[{"count":16,"href":"https:\/\/www.cultcaffe.at\/cs\/wp-json\/wp\/v2\/posts\/15021\/revisions"}],"predecessor-version":[{"id":18416,"href":"https:\/\/www.cultcaffe.at\/cs\/wp-json\/wp\/v2\/posts\/15021\/revisions\/18416"}],"wp:featuredmedia":[{"embeddable":true,"href":"https:\/\/www.cultcaffe.at\/cs\/wp-json\/wp\/v2\/media\/15039"}],"wp:attachment":[{"href":"https:\/\/www.cultcaffe.at\/cs\/wp-json\/wp\/v2\/media?parent=15021"}],"wp:term":[{"taxonomy":"category","embeddable":true,"href":"https:\/\/www.cultcaffe.at\/cs\/wp-json\/wp\/v2\/categories?post=15021"},{"taxonomy":"post_tag","embeddable":true,"href":"https:\/\/www.cultcaffe.at\/cs\/wp-json\/wp\/v2\/tags?post=15021"}],"curies":[{"name":"wp","href":"https:\/\/api.w.org\/{rel}","templated":true}]}}